{"id":76991,"date":"2020-02-23T17:50:03","date_gmt":"2020-02-23T22:50:03","guid":{"rendered":"https:\/\/linitiative.ca\/International\/les-huit-aeroports-des-canaries-ferment-en-raison-dune-tempete-de-sable\/"},"modified":"2020-02-23T17:50:03","modified_gmt":"2020-02-23T22:50:03","slug":"les-huit-aeroports-des-canaries-ferment-en-raison-dune-tempete-de-sable","status":"publish","type":"post","link":"https:\/\/linitiative.ca\/International\/les-huit-aeroports-des-canaries-ferment-en-raison-dune-tempete-de-sable\/","title":{"rendered":"Les huit a\u00e9roports des Canaries ferment en raison d\u2019une temp\u00eate de sable"},"content":{"rendered":"<div readability=\"32\">\n<p>Publi\u00e9 le 23.02.2020 \u00e0 23h50 par AFP<\/p>\n<\/div>\n<div readability=\"83\">\n<p>Les huit a\u00e9roports situ\u00e9s sur l\u2019archipel des Canaries ont ferm\u00e9 dimanche alors que des vents violents charg\u00e9s de sable r\u00e9duisaient nettement la visibilit\u00e9, ces m\u00eames vents ayant entra\u00een\u00e9 d\u00e9j\u00e0 samedi des perturbations dans trois a\u00e9roports de cette r\u00e9gion pris\u00e9e des touristes.<\/p>\n<p>\u00ab\u00a0La visibilit\u00e9 est tr\u00e8s faible. Les avions qui devaient atterrir sur les \u00eeles ont \u00e9t\u00e9 d\u00e9tourn\u00e9s vers l\u2019Espagne continentale\u00a0\u00bb a affirm\u00e9 dimanche une porte-parole de l\u2019op\u00e9rateur a\u00e9roportuaire Aena, ajoutant qu\u2019il \u00e9tait trop t\u00f4t pour dire combien de vols seraient touch\u00e9s.<\/p>\n<p>Selon l\u2019AENA, certains vols sont aussi d\u00e9tourn\u00e9s vers le Cap Vert, le Maroc, la Mauritanie et le Portugal.<\/p>\n<p>Dans un tweet, le ministre des Transports Jose Luis Abalos a remerci\u00e9 ces pays pour leur \u00ab\u00a0solidarit\u00e9\u00a0\u00bb. Les professionnels du transport a\u00e9rien \u00ab\u00a0ne se souviennent pas avoir jamais vu un temps aussi mauvais pour le transport a\u00e9rien aux Canaries\u00a0\u00bb, a-t-il estim\u00e9.<\/p>\n<p>Le trafic a\u00e9rien \u00e9tait revenu \u00e0 la normale sur l\u2019archipel quelques heures plus t\u00f4t dimanche, au lendemain de perturbations similaires qui avaient engendr\u00e9 l\u2019annulation ou la d\u00e9viation d\u2019environ 280 vols, selon la porte-parole d\u2019Aena.<\/p>\n<p>L\u2019op\u00e9rateur avait suspendu samedi l\u2019ensemble des vols au d\u00e9part et \u00e0 destination de Grande Canarie et tous ceux quittant les deux a\u00e9roports de Tenerife (nord et sud) \u00e0 cause des vents violents charg\u00e9s de poussi\u00e8re de sable en provenance du Sahara qui ont drastiquement r\u00e9duit la visibilit\u00e9 des pilotes sur ces \u00eeles au large du Maroc.<\/p>\n<p>La compagnie maritime norv\u00e9gienne Fred. Olsen &#038; Co. a de son c\u00f4t\u00e9 suspendu dimanche son service de ferry entre les \u00eeles de Fuerteventura et Lanzarote, et entre San Sebastian et Valle Gran Rey sur l\u2019\u00eele de Gomera, \u00ab\u00a0jusqu\u2019\u00e0 nouvel ordre\u00a0\u00bb en raison du mauvais temps, a affirm\u00e9 le groupe dans un tweet.<\/p>\n<p>Le service m\u00e9t\u00e9orologique national espagnol a indiqu\u00e9 que des rafales de vent atteignant 160 kilom\u00e8tres par heure ont \u00e9t\u00e9 enregistr\u00e9es dans certaines parties de l\u2019archipel dans la nuit.<\/p>\n<p>Les vents violents ont par ailleurs rendu plus difficile la prise en charge d\u2019un incendie qui s\u2019est d\u00e9clar\u00e9 samedi pr\u00e8s du village de Tasarte, dans le sud-ouest de Grande Canarie.<\/p>\n<p>Des avions largueurs d\u2019eau ont \u00e9t\u00e9 emp\u00each\u00e9s dimanche de d\u00e9coller et d\u2019approcher la zone de l\u2019incendie qui a br\u00fbl\u00e9 environ 300 hectares et impos\u00e9 l\u2019\u00e9vacuation d\u2019environ 500 personnes, a d\u00e9clar\u00e9 le gouvernement r\u00e9gional des Canaries dans un communiqu\u00e9.<\/p>\n<\/div>\n<p>Auteur: AFP<br \/>\n<a href=\"https:\/\/www.journalducameroun.com\/les-huit-aeroports-des-canaries-ferment-en-raison-dune-tempete-de-sable\/\">Cliquez ici pour lire l&rsquo;article depuis sa source.<\/a><\/p>\n","protected":false},"excerpt":{"rendered":"<p>Publi\u00e9 le 23.02.2020 \u00e0 23h50 par AFP Les huit a\u00e9roports situ\u00e9s sur l\u2019archipel des Canaries ont ferm\u00e9 dimanche alors que des vents violents charg\u00e9s de sable r\u00e9duisaient nettement la visibilit\u00e9, ces m\u00eames vents ayant entra\u00een\u00e9 d\u00e9j\u00e0 samedi des perturbations dans trois a\u00e9roports de cette r\u00e9gion pris\u00e9e des touristes. \u00ab\u00a0La visibilit\u00e9 est tr\u00e8s faible. Les avions [&hellip;]<\/p>\n","protected":false},"author":1965,"featured_media":0,"comment_status":"closed","ping_status":"closed","sticky":false,"template":"","format":"standard","meta":{"fifu_image_url":"","fifu_image_alt":"","footnotes":""},"categories":[73,82],"tags":[],"class_list":["post-76991","post","type-post","status-publish","format-standard","hentry","category-actualite","category-cameroun"],"_links":{"self":[{"href":"https:\/\/linitiative.ca\/International\/wp-json\/wp\/v2\/posts\/76991","targetHints":{"allow":["GET"]}}],"collection":[{"href":"https:\/\/linitiative.ca\/International\/wp-json\/wp\/v2\/posts"}],"about":[{"href":"https:\/\/linitiative.ca\/International\/wp-json\/wp\/v2\/types\/post"}],"author":[{"embeddable":true,"href":"https:\/\/linitiative.ca\/International\/wp-json\/wp\/v2\/users\/1965"}],"replies":[{"embeddable":true,"href":"https:\/\/linitiative.ca\/International\/wp-json\/wp\/v2\/comments?post=76991"}],"version-history":[{"count":0,"href":"https:\/\/linitiative.ca\/International\/wp-json\/wp\/v2\/posts\/76991\/revisions"}],"wp:attachment":[{"href":"https:\/\/linitiative.ca\/International\/wp-json\/wp\/v2\/media?parent=76991"}],"wp:term":[{"taxonomy":"category","embeddable":true,"href":"https:\/\/linitiative.ca\/International\/wp-json\/wp\/v2\/categories?post=76991"},{"taxonomy":"post_tag","embeddable":true,"href":"https:\/\/linitiative.ca\/International\/wp-json\/wp\/v2\/tags?post=76991"}],"curies":[{"name":"wp","href":"https:\/\/api.w.org\/{rel}","templated":true}]}}