{"id":77005,"date":"2020-02-24T07:07:20","date_gmt":"2020-02-24T12:07:20","guid":{"rendered":"https:\/\/linitiative.ca\/International\/la-rabta-la-visite-dune-delegation-italienne-suscite-une-polemique\/"},"modified":"2020-02-24T07:07:20","modified_gmt":"2020-02-24T12:07:20","slug":"la-rabta-la-visite-dune-delegation-italienne-suscite-une-polemique","status":"publish","type":"post","link":"https:\/\/linitiative.ca\/International\/la-rabta-la-visite-dune-delegation-italienne-suscite-une-polemique\/","title":{"rendered":"La Rabta : La visite d\u2019une d\u00e9l\u00e9gation italienne suscite une pol\u00e9mique"},"content":{"rendered":"<p>Le directeur g\u00e9n\u00e9ral de l\u2019h\u00f4pital de la Rabta, Mongi Khemiri a d\u00e9clar\u00e9 lors de son intervention sur les ondes de Mosa\u00efque FM dans Sbeh Ennes, que la d\u00e9l\u00e9gation m\u00e9dicale italienne ayant visit\u00e9 l\u2019h\u00f4pital de la Rabta \u00e0 Tunis, est venue dans le cadre d\u2019une convention sign\u00e9e depuis entre Service de chirurgie cardiovasculaire et thoracique et les h\u00f4pitaux de la ville de G\u00eanes.<\/p>\n<p>Il a ajout\u00e9 que cette convention pr\u00e9voit des visites p\u00e9riodiques de d\u00e9l\u00e9gations m\u00e9dicales italiennes \u00e0 l\u2019h\u00f4pital de la Rabta. Les m\u00e9decins italiens effectuent parfois des interventions chirurgicales sur des enfants tunisiens.<\/p>\n<p>Mongi Khemiri a d\u00e9menti les informations qui circulent sur les r\u00e9seaux sociaux, sur la panique suscit\u00e9e par la visite de la d\u00e9l\u00e9gation italienne et a pr\u00e9cis\u00e9 que tous ces m\u00e9decins ont \u00e9t\u00e9 soumis \u00e0 un contr\u00f4le apr\u00e8s leur arriv\u00e9e \u00e0 l\u2019h\u00f4pital Tunis-Carthage.<\/p>\n<div class=\"wp-post-author-wrap wp-post-author-shortcode left\">\n<h3 class=\"awpa-title\"\/>\n<div class=\"wp-post-author\">\n<div class=\"awpa-img awpa-author-block square\"><a href=\"http:\/\/lexpertjournal.net\/fr\/author\/expert\/\"><img loading=\"lazy\" decoding=\"async\" alt=\"\" src=\"http:\/\/0.gravatar.com\/avatar\/97f8e10a1c1125ba104a76514ee07b16?s=150&#038;d=mm&#038;r=g\" srcset=\"http:\/\/0.gravatar.com\/avatar\/97f8e10a1c1125ba104a76514ee07b16?s=300&#038;d=mm&#038;r=g 2x\" class=\"avatar avatar-150 photo\" height=\"150\" width=\"150\"\/><\/a><\/div>\n<\/div>\n<\/div>\n<div class=\"ssba-classic-2 ssba ssbp-wrap left ssbp--theme-1 c2\"><span class=\"ssba-share-text\">Share this&#8230;<\/span><br \/><a data-site=\"\" class=\"ssba_facebook_share\" href=\"http:\/\/www.facebook.com\/sharer.php?u=http:\/\/lexpertjournal.net\/fr\/2020\/02\/24\/la-rabta-la-visite-dune-delegation-italienne-suscite-une-polemique-videos\/\" target=\"_blank\" rel=\"noopener noreferrer\"><img decoding=\"async\" src=\"http:\/\/lexpertjournal.net\/fr\/wp-content\/plugins\/simple-share-buttons-adder\/buttons\/somacro\/facebook.png\" title=\"Facebook\" class=\"ssba ssba-img c1\" alt=\"Share on Facebook\"\/><\/a><\/p>\n<p><a data-site=\"pinterest\" class=\"ssba_pinterest_share\" href=\"javascript:void((function()%7Bvar%20e=document.createElement('script');e.setAttribute('type','text\/javascript');e.setAttribute('charset','UTF-8');e.setAttribute('src','\/\/assets.pinterest.com\/js\/pinmarklet.js?r='+Math.random()*99999999);document.body.appendChild(e)%7D)());\"><img decoding=\"async\" src=\"http:\/\/lexpertjournal.net\/fr\/wp-content\/plugins\/simple-share-buttons-adder\/buttons\/somacro\/pinterest.png\" title=\"Pinterest\" class=\"ssba ssba-img c1\" alt=\"Pin on Pinterest\"\/><\/a><\/p>\n<p><a data-site=\"\" class=\"ssba_twitter_share\" href=\"http:\/\/twitter.com\/share?url=http:\/\/lexpertjournal.net\/fr\/2020\/02\/24\/la-rabta-la-visite-dune-delegation-italienne-suscite-une-polemique-videos\/&#038;text=La%20Rabta%20%3A%20La%20visite%20d%E2%80%99une%20d%C3%A9l%C3%A9gation%20italienne%20suscite%20une%20pol%C3%A9mique%20\" target=\"\"_blank\"\"><img decoding=\"async\" src=\"http:\/\/lexpertjournal.net\/fr\/wp-content\/plugins\/simple-share-buttons-adder\/buttons\/somacro\/twitter.png\" title=\"Twitter\" class=\"ssba ssba-img c1\" alt=\"Tweet about this on Twitter\"\/><\/a><\/p>\n<p><a data-site=\"linkedin\" class=\"ssba_linkedin_share ssba_share_link\" href=\"http:\/\/www.linkedin.com\/shareArticle?mini=true&#038;url=http:\/\/lexpertjournal.net\/fr\/2020\/02\/24\/la-rabta-la-visite-dune-delegation-italienne-suscite-une-polemique-videos\/\" target=\"\"_blank\"\"><img decoding=\"async\" src=\"http:\/\/lexpertjournal.net\/fr\/wp-content\/plugins\/simple-share-buttons-adder\/buttons\/somacro\/linkedin.png\" title=\"LinkedIn\" class=\"ssba ssba-img c1\" alt=\"Share on LinkedIn\"\/><\/a><\/p>\n<\/div>\n<p>Auteur: L&rsquo;expert<br \/>\n<a href=\"http:\/\/lexpertjournal.net\/fr\/2020\/02\/24\/la-rabta-la-visite-dune-delegation-italienne-suscite-une-polemique-videos\/\">Cliquez ici pour lire l&rsquo;article depuis sa source.<\/a><\/p>\n","protected":false},"excerpt":{"rendered":"<p>Le directeur g\u00e9n\u00e9ral de l\u2019h\u00f4pital de la Rabta, Mongi Khemiri a d\u00e9clar\u00e9 lors de son intervention sur les ondes de Mosa\u00efque FM dans Sbeh Ennes, que la d\u00e9l\u00e9gation m\u00e9dicale italienne ayant visit\u00e9 l\u2019h\u00f4pital de la Rabta \u00e0 Tunis, est venue dans le cadre d\u2019une convention sign\u00e9e depuis entre Service de chirurgie cardiovasculaire et thoracique et [&hellip;]<\/p>\n","protected":false},"author":1775,"featured_media":0,"comment_status":"closed","ping_status":"closed","sticky":false,"template":"","format":"standard","meta":{"fifu_image_url":"","fifu_image_alt":"","footnotes":""},"categories":[78,55],"tags":[],"class_list":["post-77005","post","type-post","status-publish","format-standard","hentry","category-economie","category-tunisie"],"_links":{"self":[{"href":"https:\/\/linitiative.ca\/International\/wp-json\/wp\/v2\/posts\/77005","targetHints":{"allow":["GET"]}}],"collection":[{"href":"https:\/\/linitiative.ca\/International\/wp-json\/wp\/v2\/posts"}],"about":[{"href":"https:\/\/linitiative.ca\/International\/wp-json\/wp\/v2\/types\/post"}],"author":[{"embeddable":true,"href":"https:\/\/linitiative.ca\/International\/wp-json\/wp\/v2\/users\/1775"}],"replies":[{"embeddable":true,"href":"https:\/\/linitiative.ca\/International\/wp-json\/wp\/v2\/comments?post=77005"}],"version-history":[{"count":0,"href":"https:\/\/linitiative.ca\/International\/wp-json\/wp\/v2\/posts\/77005\/revisions"}],"wp:attachment":[{"href":"https:\/\/linitiative.ca\/International\/wp-json\/wp\/v2\/media?parent=77005"}],"wp:term":[{"taxonomy":"category","embeddable":true,"href":"https:\/\/linitiative.ca\/International\/wp-json\/wp\/v2\/categories?post=77005"},{"taxonomy":"post_tag","embeddable":true,"href":"https:\/\/linitiative.ca\/International\/wp-json\/wp\/v2\/tags?post=77005"}],"curies":[{"name":"wp","href":"https:\/\/api.w.org\/{rel}","templated":true}]}}