{"id":77008,"date":"2020-02-24T13:03:59","date_gmt":"2020-02-24T18:03:59","guid":{"rendered":"https:\/\/linitiative.ca\/International\/un-expose-sur-le-developpement-du-secteur-de-la-culture-et-de-lindustrie-cinematographique-approuve\/"},"modified":"2020-02-24T13:03:59","modified_gmt":"2020-02-24T18:03:59","slug":"un-expose-sur-le-developpement-du-secteur-de-la-culture-et-de-lindustrie-cinematographique-approuve","status":"publish","type":"post","link":"https:\/\/linitiative.ca\/International\/un-expose-sur-le-developpement-du-secteur-de-la-culture-et-de-lindustrie-cinematographique-approuve\/","title":{"rendered":"Un expos\u00e9 sur le d\u00e9veloppement du secteur de la culture et de l&rsquo;industrie cin\u00e9matographique approuv\u00e9"},"content":{"rendered":"<div readability=\"38.8140161725\">\n<p><strong>ALGER &#8211; Le Conseil des ministres, tenu dimanche sous la pr\u00e9sidence de Abdelmadjid Tebboune, Pr\u00e9sident de la R\u00e9publique, a approuv\u00e9 un expos\u00e9 pr\u00e9sent\u00e9 par la ministre de la Culture, Malika Bendouda sur \u00ab\u00a0le d\u00e9veloppement du secteur de la culture et de l&rsquo;industrie cin\u00e9matographique\u00a0\u00bb, selon un <em><a href=\"http:\/\/www.aps.dz\/algerie\/102081-communique-du-conseil-des-ministres\" target=\"_blank\" rel=\"noopener noreferrer\">communiqu\u00e9<\/a><\/em> rendu public dimanche par la pr\u00e9sidence de la R\u00e9publique.<\/strong><\/p>\n<\/div>\n<div readability=\"80.8194923222\">\n<p>L&rsquo;expos\u00e9 pr\u00e9sent\u00e9 par la ministre Bendouda porte sur une analyse d\u00e9taill\u00e9e de l&rsquo;\u00e9tat du secteur et propose une strat\u00e9gie de son d\u00e9veloppement pour la p\u00e9riode 2020-2024 en collaboration avec plusieurs autres d\u00e9partements minist\u00e9riels.<\/p>\n<blockquote readability=\"7\">\n<p><em><strong>Cette strat\u00e9gie est bas\u00e9e sur trois axes \u00e0 savoir: l&rsquo;\u00e9ducation \u00e0 appr\u00e9cier l&rsquo;art et la pens\u00e9e en accordant l&rsquo;int\u00e9r\u00eat au th\u00e9\u00e2tre de l&rsquo;enfant et en instituant un Prix national de th\u00e9\u00e2tre \u00e0 c\u00e9l\u00e9brer annuellement \u00e0 l&rsquo;occasion de la Journ\u00e9e mondiale de l&rsquo;enfance.<\/strong><\/em><\/p>\n<\/blockquote>\n<p>Il a \u00e9t\u00e9 question, en outre, de la restructuration des Th\u00e9\u00e2tres r\u00e9gionaux et du lancement de petits th\u00e9\u00e2tres communaux ainsi que le perfectionnement des formateurs et encadreurs.<\/p>\n<p><em><strong>Le deuxi\u00e8me axe concerne le lancement de l&rsquo;industrie cin\u00e9matographique<\/strong><\/em> par la cr\u00e9ation d&rsquo;une dynamique de diffusion de longs m\u00e9trages disponibles au minist\u00e8re, dans les salles de cin\u00e9ma, la cr\u00e9ation d&rsquo;un Centre cin\u00e9matographique national, l&rsquo;augmentation de la production cin\u00e9matographique \u00e0 20 films par an et la r\u00e9gularisation d\u00e9finitive de la situation des salles de cin\u00e9ma sous tutelle des collectivit\u00e9s locales, dont la plupart sont hors service.<\/p>\n<p>Pour r\u00e9aliser un d\u00e9collage dans ce domaine, la ministre a propos\u00e9 des exon\u00e9rations fiscales et parafiscales en faveur des professionnels du secteur.<\/p>\n<hr\/>\n<h3>Lire aussi:\u00a0<a href=\"http:\/\/www.aps.dz\/culture\/101512-l-absence-des-salles-de-cinema-principal-obstacle-a-sa-relance\" target=\"_blank\" rel=\"noopener noreferrer\">L&rsquo;absence des salles de cin\u00e9ma, principal obstacle \u00e0 sa relance<\/a><\/h3>\n<hr\/>\n<p><em><strong>Le troisi\u00e8me axe porte sur la valorisation des sites arch\u00e9ologiques et la promotion du tourisme culturel.<\/strong><\/em><\/p>\n<p>La concr\u00e9tisation de cette strat\u00e9gie implique la r\u00e9vision du cadre l\u00e9gislatif, administratif, structurel et de services de la production culturelle.<\/p>\n<blockquote readability=\"10\">\n<p><em><strong>Dans son intervention, le pr\u00e9sident de la R\u00e9publique a pr\u00f4n\u00e9 la focalisation sur les dossiers urgents pour cette ann\u00e9e partant de la volont\u00e9 d&rsquo;encourager l&rsquo;ouverture sur la culture mondiale et la dynamisation de l&rsquo;activit\u00e9 th\u00e9\u00e2trale, tant dans les \u00e9coles pour pr\u00e9server la personnalit\u00e9 de l&rsquo;enfant qu&rsquo;\u00e0 travers l&rsquo;invitation de la diaspora \u00e0 constituer des associations th\u00e9\u00e2trales pour donner des repr\u00e9sentations en Alg\u00e9rie afin de raffermir leur lien \u00e0 la patrie.<\/strong><\/em><\/p>\n<\/blockquote>\n<p>Il a en outre affirm\u00e9 que \u00ab\u00a0la relance de l&rsquo;industrie cin\u00e9matographique vise \u00e0 encourager l&rsquo;investissement dans les studios de production en octroyant toutes les mesures incitatives aux professionnels, notamment le foncier et les cr\u00e9dits bancaires, en vue de diversifier cette production pour qu&rsquo;elle contribue au renforcement du patriotisme des Alg\u00e9riens et du sentiment de fiert\u00e9 \u00e0 l&rsquo;\u00e9gard de l&rsquo;Alg\u00e9rie et de son histoire, toute enti\u00e8re\u00a0\u00bb.<\/p>\n<blockquote readability=\"7\">\n<p><em><strong>Par ailleurs, M. Tebboune a appel\u00e9 \u00e0 \u00ab\u00a0orienter le cin\u00e9ma commercial vers le rayonnement culturel de l&rsquo;Alg\u00e9rie \u00e0 l&rsquo;\u00e9chelle mondiale en tant que meilleur moyen face \u00e0 l&rsquo;invasion culturelle\u00a0\u00bb.<\/strong><\/em><\/p>\n<\/blockquote>\n<p>Le conseil des ministres a tenu sa r\u00e9union au si\u00e8ge de la pr\u00e9sidence de la R\u00e9publique, avec ordre de jour les dossiers concernant plusieurs secteurs tels le projet de loi relatif \u00e0 la pr\u00e9vention et \u00e0 la lutte contre la discrimination et le discours de haine, le projet de loi relatif \u00e0 l&rsquo;information et la communication et autres projets li\u00e9s \u00e0 l&rsquo;industrie et la jeunesse et les sports.<\/p>\n<\/div>\n<p>Auteur:<br \/>\n<a href=\"http:\/\/www.aps.dz\/culture\/102084-un-expose-sur-le-developpement-du-secteur-de-la-culture-et-de-l-industrie-cinematographique-approuve\">Cliquez ici pour lire l&rsquo;article depuis sa source.<\/a><\/p>\n","protected":false},"excerpt":{"rendered":"<p>ALGER &#8211; Le Conseil des ministres, tenu dimanche sous la pr\u00e9sidence de Abdelmadjid Tebboune, Pr\u00e9sident de la R\u00e9publique, a approuv\u00e9 un expos\u00e9 pr\u00e9sent\u00e9 par la ministre de la Culture, Malika Bendouda sur \u00ab\u00a0le d\u00e9veloppement du secteur de la culture et de l&rsquo;industrie cin\u00e9matographique\u00a0\u00bb, selon un communiqu\u00e9 rendu public dimanche par la pr\u00e9sidence de la R\u00e9publique. [&hellip;]<\/p>\n","protected":false},"author":1790,"featured_media":0,"comment_status":"closed","ping_status":"closed","sticky":false,"template":"","format":"standard","meta":{"fifu_image_url":"","fifu_image_alt":"","footnotes":""},"categories":[53,79],"tags":[],"class_list":["post-77008","post","type-post","status-publish","format-standard","hentry","category-algerie","category-culture"],"_links":{"self":[{"href":"https:\/\/linitiative.ca\/International\/wp-json\/wp\/v2\/posts\/77008","targetHints":{"allow":["GET"]}}],"collection":[{"href":"https:\/\/linitiative.ca\/International\/wp-json\/wp\/v2\/posts"}],"about":[{"href":"https:\/\/linitiative.ca\/International\/wp-json\/wp\/v2\/types\/post"}],"author":[{"embeddable":true,"href":"https:\/\/linitiative.ca\/International\/wp-json\/wp\/v2\/users\/1790"}],"replies":[{"embeddable":true,"href":"https:\/\/linitiative.ca\/International\/wp-json\/wp\/v2\/comments?post=77008"}],"version-history":[{"count":0,"href":"https:\/\/linitiative.ca\/International\/wp-json\/wp\/v2\/posts\/77008\/revisions"}],"wp:attachment":[{"href":"https:\/\/linitiative.ca\/International\/wp-json\/wp\/v2\/media?parent=77008"}],"wp:term":[{"taxonomy":"category","embeddable":true,"href":"https:\/\/linitiative.ca\/International\/wp-json\/wp\/v2\/categories?post=77008"},{"taxonomy":"post_tag","embeddable":true,"href":"https:\/\/linitiative.ca\/International\/wp-json\/wp\/v2\/tags?post=77008"}],"curies":[{"name":"wp","href":"https:\/\/api.w.org\/{rel}","templated":true}]}}