{"id":77009,"date":"2020-02-24T13:04:03","date_gmt":"2020-02-24T18:04:03","guid":{"rendered":"https:\/\/linitiative.ca\/International\/bouira-abrite-la-2e-edition-des-journees-nationales-du-court-metrage-amateur\/"},"modified":"2020-02-24T13:04:03","modified_gmt":"2020-02-24T18:04:03","slug":"bouira-abrite-la-2e-edition-des-journees-nationales-du-court-metrage-amateur","status":"publish","type":"post","link":"https:\/\/linitiative.ca\/International\/bouira-abrite-la-2e-edition-des-journees-nationales-du-court-metrage-amateur\/","title":{"rendered":"Bouira abrite la 2\u00e8 \u00e9dition des journ\u00e9es nationales du court m\u00e9trage amateur"},"content":{"rendered":"<div readability=\"35\">\n<p><strong>BOUIRA &#8211; La maison de la culture Ali Za\u00e2moum de la ville de Bouira abrite \u00e0 partir de lundi la deuxi\u00e8me \u00e9dition des journ\u00e9es nationales du court m\u00e9trage amateur avec la participation de plusieurs jeunes r\u00e9alisateurs venus des diff\u00e9rentes wilayas du pays, a-t-on constat\u00e9.<\/strong><\/p>\n<\/div>\n<div readability=\"72\">\n<p>La deuxi\u00e8me \u00e9dition se veut un hommage au r\u00e9alisateur Mohamed Rahal.<\/p>\n<p>Plusieurs autres jeunes r\u00e9alisateurs amateurs issus des wilayas d\u2019Alger, Chlef, Mostaganem, Tindouf, Relizane, Annaba, B\u00e9jaia, Bouira prennent part \u00e0 cette manifestation qui se poursuivra jusqu\u2019au 27 f\u00e9vrier, a expliqu\u00e9 la directrice de la maison de la culture, Saliha Chirbi.<\/p>\n<blockquote readability=\"7\">\n<p><em><strong>Le coup d\u2019envoi de ces journ\u00e9es nationales a \u00e9t\u00e9 donn\u00e9 dans la matin\u00e9e par les autorit\u00e9s locales de la wilaya, \u00e0 leur t\u00eate le wali Lekhal Ayat Abdeslam.<\/strong><\/em><\/p>\n<\/blockquote>\n<p>Au cours de cette \u00e9dition, une quinzaine de films courts-m\u00e9trages, \u00e0 l\u2019image de \u00ab\u00a0Ayghar Akka\u00a0\u00bb du r\u00e9alisateur amateur Mokhtari Fatah et d\u2019une dur\u00e9e de 21 minutes, seront projet\u00e9s avant que la commission de jury ne proc\u00e8de \u00e0 une s\u00e9lection finale des trois meilleurs films.<\/p>\n<blockquote readability=\"9\">\n<p><em><strong>\u00ab\u00a0Des prix d\u2019encouragement seront remis au trois premiers laur\u00e9ats de cette \u00e9dition\u00a0\u00bb, a pr\u00e9cis\u00e9 Mme Chirbi \u00e0 l\u2019APS. Le r\u00e9alisateur Lakhdar Ayoub Bouzid est pr\u00e9sent \u00e0 cette \u00e9dition pour pr\u00e9senter son court-m\u00e9trage sous le titre \u00ab\u00a0Ithnayn Fi Wahid\u00a0\u00bb. Le court m\u00e9trage \u00ab\u00a0Chiraz\u00a0\u00bb du r\u00e9alisateur Cherbal Mustapha (S\u00e9tif) est aussi pr\u00e9sent \u00e0 cette manifestation.<\/strong><\/em><\/p>\n<\/blockquote>\n<p>La deuxi\u00e8me \u00e9dition de ces journ\u00e9es nationales a pour objectif de \u00ab\u00a0promouvoir l\u2019activit\u00e9 cin\u00e9matographique et d\u2019encourager les jeunes r\u00e9alisateurs amateurs \u00e0 d\u00e9velopper leurs connaissances dans ce domaine\u00a0\u00bb, a soulign\u00e9 la directrice de la maison de la culture Ali Za\u00e2moum.<\/p>\n<p>Au cours du lancement de ces journ\u00e9es, le jeune r\u00e9alisateur Mohamed Rahal (Bouira) a \u00e9t\u00e9 honor\u00e9 \u00e0 l\u2019occasion par les responsables de la maison de la culture.<\/p>\n<blockquote readability=\"7\">\n<p><em><strong>\u00ab\u00a0Je suis tr\u00e8s content d\u2019avoir \u00e9t\u00e9 honor\u00e9. Je remercie tous les responsables de la maison pour cette action qui va m&rsquo;encourager \u00e0 plus de r\u00e9alisations\u00a0\u00bb, a confi\u00e9 M. Rahal \u00e0 l\u2019APS.<\/strong><\/em><\/p>\n<\/blockquote>\n<p>Des expositions d\u00e9di\u00e9es aux portraits et aux photographies de cin\u00e9astes et r\u00e9alisateurs alg\u00e9riens, est organis\u00e9e \u00e0 l\u2019entr\u00e9e de l\u2019\u00e9difice culturel.<\/p>\n<\/div>\n<p>Auteur:<br \/>\n<a href=\"http:\/\/www.aps.dz\/culture\/102113-bouira-abrite-la-2e-edition-des-journees-nationales-du-court-metrage-amateur\">Cliquez ici pour lire l&rsquo;article depuis sa source.<\/a><\/p>\n","protected":false},"excerpt":{"rendered":"<p>BOUIRA &#8211; La maison de la culture Ali Za\u00e2moum de la ville de Bouira abrite \u00e0 partir de lundi la deuxi\u00e8me \u00e9dition des journ\u00e9es nationales du court m\u00e9trage amateur avec la participation de plusieurs jeunes r\u00e9alisateurs venus des diff\u00e9rentes wilayas du pays, a-t-on constat\u00e9. La deuxi\u00e8me \u00e9dition se veut un hommage au r\u00e9alisateur Mohamed Rahal. [&hellip;]<\/p>\n","protected":false},"author":1790,"featured_media":0,"comment_status":"closed","ping_status":"closed","sticky":false,"template":"","format":"standard","meta":{"fifu_image_url":"","fifu_image_alt":"","footnotes":""},"categories":[53,79],"tags":[],"class_list":["post-77009","post","type-post","status-publish","format-standard","hentry","category-algerie","category-culture"],"_links":{"self":[{"href":"https:\/\/linitiative.ca\/International\/wp-json\/wp\/v2\/posts\/77009","targetHints":{"allow":["GET"]}}],"collection":[{"href":"https:\/\/linitiative.ca\/International\/wp-json\/wp\/v2\/posts"}],"about":[{"href":"https:\/\/linitiative.ca\/International\/wp-json\/wp\/v2\/types\/post"}],"author":[{"embeddable":true,"href":"https:\/\/linitiative.ca\/International\/wp-json\/wp\/v2\/users\/1790"}],"replies":[{"embeddable":true,"href":"https:\/\/linitiative.ca\/International\/wp-json\/wp\/v2\/comments?post=77009"}],"version-history":[{"count":0,"href":"https:\/\/linitiative.ca\/International\/wp-json\/wp\/v2\/posts\/77009\/revisions"}],"wp:attachment":[{"href":"https:\/\/linitiative.ca\/International\/wp-json\/wp\/v2\/media?parent=77009"}],"wp:term":[{"taxonomy":"category","embeddable":true,"href":"https:\/\/linitiative.ca\/International\/wp-json\/wp\/v2\/categories?post=77009"},{"taxonomy":"post_tag","embeddable":true,"href":"https:\/\/linitiative.ca\/International\/wp-json\/wp\/v2\/tags?post=77009"}],"curies":[{"name":"wp","href":"https:\/\/api.w.org\/{rel}","templated":true}]}}