{"id":77010,"date":"2020-02-24T13:04:06","date_gmt":"2020-02-24T18:04:06","guid":{"rendered":"https:\/\/linitiative.ca\/International\/apac-le-renouveau-du-cinema-algerien-passe-par-la-liberation-de-lexpression-artistique\/"},"modified":"2020-02-24T13:04:06","modified_gmt":"2020-02-24T18:04:06","slug":"apac-le-renouveau-du-cinema-algerien-passe-par-la-liberation-de-lexpression-artistique","status":"publish","type":"post","link":"https:\/\/linitiative.ca\/International\/apac-le-renouveau-du-cinema-algerien-passe-par-la-liberation-de-lexpression-artistique\/","title":{"rendered":"Apac: le renouveau du cin\u00e9ma alg\u00e9rien passe par la lib\u00e9ration de l&rsquo;expression artistique\u00a0"},"content":{"rendered":"<div readability=\"34\">\n<p><strong>ALGER-\u00a0 Les membres de la nouvelles Association des producteur alg\u00e9riens de cin\u00e9ma (Apac) ont appel\u00e9 lundi \u00e0 Alger \u00e0 lib\u00e9rer l&rsquo;expression artistique en levant les obstacles bureaucratiques qui entravent le d\u00e9veloppement d&rsquo;une industrie cin\u00e9matographique en Alg\u00e9rie.<\/strong><\/p>\n<\/div>\n<div readability=\"88.5\">\n<p>S&rsquo;exprimant lors d&rsquo;un point presse organis\u00e9 \u00e0 la salle de la cin\u00e9math\u00e8que d&rsquo;Alger, les membres de cette association, pr\u00e9sid\u00e9e par le r\u00e9alisateur et producteur Belkacem Hadjadj, ont insist\u00e9 sur la n\u00e9cessit\u00e9 de \u00ab\u00a0lib\u00e9rer la cr\u00e9ation et le potentiel des cin\u00e9astes\u00a0\u00bb comme \u00ab\u00a0pr\u00e9alable\u00a0\u00bb au d\u00e9veloppement de cet art.<\/p>\n<blockquote readability=\"9\">\n<p><em><strong>A ce propos Belkacem Hadjadj a d\u00e9nonc\u00e9 le blocage et l&rsquo;interdiction de diffusion des films, qualifiant ces pratiques de \u00ab\u00a0r\u00e9flexes archa\u00efques\u00a0\u00bb \u00e0 l&rsquo;heure o\u00f9 \u00ab\u00a0tout peut se voir sur diff\u00e9rents supports\u00a0\u00bb, dit-il.<\/strong><\/em><\/p>\n<\/blockquote>\n<p>R\u00e9cemment organis\u00e9s en association, ces 17 producteurs et r\u00e9alisateurs regroup\u00e9s dans l&rsquo;Apac ont pr\u00e9sent\u00e9 un programme pour le d\u00e9veloppement du septi\u00e8me art, bas\u00e9 sur \u00ab\u00a0la r\u00e9vision des modes de financement publics et priv\u00e9s\u00a0\u00bb, \u00ab\u00a0la diffusion et l&rsquo;exploitation du produit cin\u00e9matographique\u00a0\u00bb, \u00ab\u00a0la formation\u00a0\u00bb, et une nouvelle \u00ab\u00a0organisation de la profession\u00a0\u00bb.<\/p>\n<p>Les membres de l&rsquo;Apac proposent de revoir le fonctionnement du Fdatic (Fonds de d\u00e9veloppement de l&rsquo;art et de la technique et de l&rsquo;industrie cin\u00e9matographique) et d&rsquo;en augmenter le budget, tout en \u00e9levant l&rsquo;exigence de qualit\u00e9 des \u0153uvres \u00e9ligibles au soutien allou\u00e9 par ce fonds.<\/p>\n<p>Ils proposent \u00e9galement d&rsquo;impliquer financi\u00e8rement les chaines de t\u00e9l\u00e9vision et de mettre en place des fonds r\u00e9gionaux de soutien au cin\u00e9ma.<\/p>\n<blockquote readability=\"10\">\n<p><em><strong>Concernant la diffusion, les membres de l&rsquo;Apac comme Yasmine Chouikh plaident pour une ouverture de l&rsquo;investissement priv\u00e9 et l&rsquo;accompagnement des op\u00e9rateurs d\u00e9sireux d&rsquo;investir dans les infrastructures et la distribution. Elle \u00e9voque \u00e9galement la formation de gestionnaires de salles de cin\u00e9ma afin d&rsquo;aller vers des programmes sp\u00e9ciaux en direction des \u00e9coliers, lyc\u00e9ens et \u00e9tudiants.<\/strong><\/em><\/p>\n<\/blockquote>\n<p>Le r\u00e9alisateur et producteur Dj\u00e2afar Gacem est revenu pour sa part sur les propositions de formation aux diff\u00e9rents m\u00e9tiers du cin\u00e9ma, soumises au minist\u00e8re de la Culture, mais \u00ab\u00a0rest\u00e9es sans suite\u00a0\u00bb, ainsi qu&rsquo;il l&rsquo;a affirm\u00e9.<\/p>\n<p>Parmi ces propositions, l&rsquo;obligation de \u00ab\u00a0remise \u00e0 niveau des techniciens\u00a0\u00bb en activit\u00e9 et la cr\u00e9ation d&rsquo;un institut sup\u00e9rieur des m\u00e9tiers du cin\u00e9ma \u00ab\u00a0en jumelage avec de grandes \u00e9coles \u00e9trang\u00e8res\u00a0\u00bb et dont il est question depuis une vingtaine d&rsquo;ann\u00e9es, a-t-il rappel\u00e9.<\/p>\n<blockquote readability=\"11\">\n<p><em><strong>L&rsquo;Apac appelle \u00e9galement \u00e0 une organisation de la profession, bas\u00e9e sur l&rsquo; \u00ab\u00a0octroi rigoureux\u00a0\u00bb de la carte professionnelle et \u00e0 une ouverture sur producteurs \u00e9trangers souhaitant tourner des films en Alg\u00e9rie, ce qui permettra de g\u00e9n\u00e9rer des retomb\u00e9es financi\u00e8res et de renforcer la formation, assurent-ils.<\/strong><\/em><\/p>\n<\/blockquote>\n<p>Concernant la promotion du cin\u00e9ma alg\u00e9rien \u00e0 l&rsquo;\u00e9tranger, ils recommandent d&rsquo;assurer un accompagnement logistique aux \u00ab\u00a0productions \u00e0 haute valeur artistique\u00a0\u00bb.<\/p>\n<p>Le programme de l&rsquo;Apac a \u00e9t\u00e9 transmis au secr\u00e9taire d&rsquo;Etat charg\u00e9 de l&rsquo;industrie cin\u00e9matographique lors de la rencontre national sur le cin\u00e9ma organis\u00e9e r\u00e9cemment, a indiqu\u00e9 Belkacem Hadjadj.<\/p>\n<\/div>\n<p>Auteur:<br \/>\n<a href=\"http:\/\/www.aps.dz\/culture\/102115-apac-le-renouveau-du-cinema-algerien-passe-par-la-liberation-de-l-expression-artistique\">Cliquez ici pour lire l&rsquo;article depuis sa source.<\/a><\/p>\n","protected":false},"excerpt":{"rendered":"<p>ALGER-\u00a0 Les membres de la nouvelles Association des producteur alg\u00e9riens de cin\u00e9ma (Apac) ont appel\u00e9 lundi \u00e0 Alger \u00e0 lib\u00e9rer l&rsquo;expression artistique en levant les obstacles bureaucratiques qui entravent le d\u00e9veloppement d&rsquo;une industrie cin\u00e9matographique en Alg\u00e9rie. S&rsquo;exprimant lors d&rsquo;un point presse organis\u00e9 \u00e0 la salle de la cin\u00e9math\u00e8que d&rsquo;Alger, les membres de cette association, pr\u00e9sid\u00e9e [&hellip;]<\/p>\n","protected":false},"author":1790,"featured_media":0,"comment_status":"closed","ping_status":"closed","sticky":false,"template":"","format":"standard","meta":{"fifu_image_url":"","fifu_image_alt":"","footnotes":""},"categories":[53,79],"tags":[],"class_list":["post-77010","post","type-post","status-publish","format-standard","hentry","category-algerie","category-culture"],"_links":{"self":[{"href":"https:\/\/linitiative.ca\/International\/wp-json\/wp\/v2\/posts\/77010","targetHints":{"allow":["GET"]}}],"collection":[{"href":"https:\/\/linitiative.ca\/International\/wp-json\/wp\/v2\/posts"}],"about":[{"href":"https:\/\/linitiative.ca\/International\/wp-json\/wp\/v2\/types\/post"}],"author":[{"embeddable":true,"href":"https:\/\/linitiative.ca\/International\/wp-json\/wp\/v2\/users\/1790"}],"replies":[{"embeddable":true,"href":"https:\/\/linitiative.ca\/International\/wp-json\/wp\/v2\/comments?post=77010"}],"version-history":[{"count":0,"href":"https:\/\/linitiative.ca\/International\/wp-json\/wp\/v2\/posts\/77010\/revisions"}],"wp:attachment":[{"href":"https:\/\/linitiative.ca\/International\/wp-json\/wp\/v2\/media?parent=77010"}],"wp:term":[{"taxonomy":"category","embeddable":true,"href":"https:\/\/linitiative.ca\/International\/wp-json\/wp\/v2\/categories?post=77010"},{"taxonomy":"post_tag","embeddable":true,"href":"https:\/\/linitiative.ca\/International\/wp-json\/wp\/v2\/tags?post=77010"}],"curies":[{"name":"wp","href":"https:\/\/api.w.org\/{rel}","templated":true}]}}