{"id":77020,"date":"2020-02-24T14:10:14","date_gmt":"2020-02-24T19:10:14","guid":{"rendered":"https:\/\/linitiative.ca\/International\/presentation-de-la-strategie-regionale-de-promotion-du-prescolaire\/"},"modified":"2020-02-24T14:10:14","modified_gmt":"2020-02-24T19:10:14","slug":"presentation-de-la-strategie-regionale-de-promotion-du-prescolaire","status":"publish","type":"post","link":"https:\/\/linitiative.ca\/International\/presentation-de-la-strategie-regionale-de-promotion-du-prescolaire\/","title":{"rendered":"Pr\u00e9sentation de la strat\u00e9gie r\u00e9gionale de promotion du pr\u00e9scolaire"},"content":{"rendered":"<div readability=\"36\">\n<p>Marrakech- La strat\u00e9gie r\u00e9gionale de promotion de l\u2019enseignement pr\u00e9scolaire a \u00e9t\u00e9 pr\u00e9sent\u00e9e, le week-end \u00e0 Marrakech, \u00e0 l\u2019occasion de la 2\u00e8 Rencontre nationale sur l\u2019enseignement pr\u00e9scolaire.<\/p>\n<\/div>\n<div readability=\"128\">\n<p>Lors de cette rencontre tenue en pr\u00e9sence notamment, du wali de la r\u00e9gion\u00a0Marrakech-Safi, Karim Kassi-Lahlou, et du directeur de l\u2019Acad\u00e9mie R\u00e9gionale d\u2019Education et de Formation (AREF), Ahmed Karimi, il a \u00e9t\u00e9 indiqu\u00e9 qu\u2019au niveau de cette partie du territoire national, tous les indicateurs relatifs \u00e0 l\u2019enseignement pr\u00e9scolaire ont connu une am\u00e9lioration remarquable durant l\u2019ann\u00e9e 2019-2020.<\/p>\n<p>En chiffres, au niveau de ce cycle d\u2019enseignement, quelque 126.378 enfants ont \u00e9t\u00e9 inscrits au cours de cette ann\u00e9e au niveau de la r\u00e9gion\u00a0Marrakech-Safi, soit une hausse de 69 %.<\/p>\n<p>L\u2019assistance a pris connaissance \u00e9galement des mesures prises et actions men\u00e9es par le minist\u00e8re de l\u2019\u00e9ducation nationale pour promouvoir le pr\u00e9scolaire, notamment, la publication des versions num\u00e9riques du cadre m\u00e9thodologique de l\u2019enseignement pr\u00e9scolaire ainsi que du Guide p\u00e9dagogique de l\u2019enseignement pr\u00e9scolaire, lesquels devront contribuer \u00e0 faciliter l\u2019acc\u00e8s aux donn\u00e9es officielles en la mati\u00e8re.<\/p>\n<p>Le Guide p\u00e9dagogique de l\u2019enseignement pr\u00e9scolaire constitue un document pratique et m\u00e9thodologique qui fournit des mod\u00e8les de travail pouvant \u00eatre une source d\u2019inspiration en cas de besoin. Il se veut, en outre, un document interm\u00e9diaire entre le cadre curriculaire et les s\u00e9ries \u00e9ducatives publi\u00e9es par les maisons d\u2019\u00e9dition et les \u00e9quipes p\u00e9dagogiques, qui font l\u2019objet d\u2019une \u00e9valuation et l\u2019approbation par le minist\u00e8re de tutelle.<\/p>\n<p>La publication de ce guide intervient dans le cadre de la mise en \u0153uvre du programme national de g\u00e9n\u00e9ralisation et de d\u00e9veloppement de l\u2019enseignement pr\u00e9scolaire lanc\u00e9 par Sa Majest\u00e9 le Roi Mohammed VI en juillet 2018, rappelle-t-on.<\/p>\n<p>Dans une allocution de circonstance, M. Kassi-Lahlou a relev\u00e9 l\u2019importance de ce chantier au niveau national, mettant en relief l\u2019importance de la formation des \u00e9ducateurs et \u00e9ducatrices au niveau de l\u2019enseignement pr\u00e9scolaire pour tirer vers le haut la qualit\u00e9 de ce cycle d\u2019enseignement.<\/p>\n<p>Le wali s\u2019est dit \u00e9galement en faveur de l\u2019encouragement de l\u2019innovation dans le domaine de la production des moyens didactiques, exprimant la disposition de la wilaya de la r\u00e9gion\u00a0Marrakech-Safi \u00e0 appuyer la capitalisation des productions \u00e9ducatives et ce, en coordination avec l\u2019AREF\u00a0Marrakech- Safi.<\/p>\n<p>Apr\u00e8s avoir mis en relief l\u2019importance de la publication d\u2019un guide de l\u2019enseignement pr\u00e9scolaire, il a relev\u00e9 que la r\u00e9gion accorde une grande importance \u00e0 l\u2019enseignement pr\u00e9scolaire et ce, en ex\u00e9cution des Hautes Orientations Royales.<\/p>\n<p>M. Kassi-Lahlou a, \u00e0 cette occasion, visit\u00e9 une s\u00e9rie d\u2019ateliers de production didactique organis\u00e9s dans le cadre de cette rencontre, dont l\u2019atelier des histoires des enfants, celui des jeux \u00e9ducatifs, de peinture, des chants, du bricolage num\u00e9rique, de la photo, de la programmation via le scratch, ou encore celui de la vid\u00e9o \u00e9ducative et des applications mobiles.<\/p>\n<p>Organis\u00e9 durant deux jours par l\u2019Association Bab El Kheir Abwab\u00a0Marrakech\u00a0pour le d\u00e9veloppement durable, en collaboration avec le Centre Riyada pour la formation, la recherche et les nouvelles technologies, la 2\u00e8 Rencontre nationale de l\u2019enseignement pr\u00e9scolaire vise aussi \u00e0 attirer l\u2019attention sur la n\u00e9cessit\u00e9 de former et initier les \u00e9ducateurs et \u00e9ducatrices au domaine digital, en relation avec l\u2019enseignement pr\u00e9scolaire et d\u2019acqu\u00e9rir les comp\u00e9tences n\u00e9cessaires en la mati\u00e8re.<\/p>\n<p>Ce conclave plac\u00e9 sous le th\u00e8me \u00ab\u00a0la technologie num\u00e9rique au service de l\u2019enseignement pr\u00e9scolaire\u00a0\u00bb, vise \u00e0 mettre en \u0153uvre le contenu et les dispositions du message Royal adress\u00e9, le 18 juillet 2018, aux participants \u00e0 la Journ\u00e9e nationale sur l\u2019enseignement pr\u00e9scolaire.<\/p>\n<p>Dans ce message, le Souverain avait insist\u00e9 sur \u00ab\u00a0la n\u00e9cessit\u00e9 d\u2019\u00e9laborer un cadre p\u00e9dagogique national de r\u00e9f\u00e9rence pour tout l\u2019enseignement pr\u00e9scolaire qui couvre les m\u00e9thodes d\u2019enseignement, les normes de qualit\u00e9 et la formation des \u00e9ducateurs\u00a0\u00bb et la n\u00e9cessit\u00e9 de \u00ab\u00a0faire \u00e9voluer les m\u00e9thodes p\u00e9dagogiques actuelles pour rehausser, \u00e0 l\u2019\u00e9chelle de tout le Royaume, la qualit\u00e9 de l\u2019offre p\u00e9dagogique des diff\u00e9rentes structures de l\u2019enseignement pr\u00e9scolaire\u00a0\u00bb.<\/p>\n<\/div>\n<p>Auteur: Mohammed KOURSI<br \/>\n<a href=\"http:\/\/www.mapmarrakech.ma\/fr\/presentation-de-la-strategie-regionale-de-promotion-du-prescolaire\/\">Cliquez ici pour lire l&rsquo;article depuis sa source.<\/a><\/p>\n","protected":false},"excerpt":{"rendered":"<p>Marrakech- La strat\u00e9gie r\u00e9gionale de promotion de l\u2019enseignement pr\u00e9scolaire a \u00e9t\u00e9 pr\u00e9sent\u00e9e, le week-end \u00e0 Marrakech, \u00e0 l\u2019occasion de la 2\u00e8 Rencontre nationale sur l\u2019enseignement pr\u00e9scolaire. Lors de cette rencontre tenue en pr\u00e9sence notamment, du wali de la r\u00e9gion\u00a0Marrakech-Safi, Karim Kassi-Lahlou, et du directeur de l\u2019Acad\u00e9mie R\u00e9gionale d\u2019Education et de Formation (AREF), Ahmed Karimi, il [&hellip;]<\/p>\n","protected":false},"author":1788,"featured_media":0,"comment_status":"closed","ping_status":"closed","sticky":false,"template":"","format":"standard","meta":{"fifu_image_url":"","fifu_image_alt":"","footnotes":""},"categories":[54,76],"tags":[],"class_list":["post-77020","post","type-post","status-publish","format-standard","hentry","category-maroc","category-regions"],"_links":{"self":[{"href":"https:\/\/linitiative.ca\/International\/wp-json\/wp\/v2\/posts\/77020","targetHints":{"allow":["GET"]}}],"collection":[{"href":"https:\/\/linitiative.ca\/International\/wp-json\/wp\/v2\/posts"}],"about":[{"href":"https:\/\/linitiative.ca\/International\/wp-json\/wp\/v2\/types\/post"}],"author":[{"embeddable":true,"href":"https:\/\/linitiative.ca\/International\/wp-json\/wp\/v2\/users\/1788"}],"replies":[{"embeddable":true,"href":"https:\/\/linitiative.ca\/International\/wp-json\/wp\/v2\/comments?post=77020"}],"version-history":[{"count":0,"href":"https:\/\/linitiative.ca\/International\/wp-json\/wp\/v2\/posts\/77020\/revisions"}],"wp:attachment":[{"href":"https:\/\/linitiative.ca\/International\/wp-json\/wp\/v2\/media?parent=77020"}],"wp:term":[{"taxonomy":"category","embeddable":true,"href":"https:\/\/linitiative.ca\/International\/wp-json\/wp\/v2\/categories?post=77020"},{"taxonomy":"post_tag","embeddable":true,"href":"https:\/\/linitiative.ca\/International\/wp-json\/wp\/v2\/tags?post=77020"}],"curies":[{"name":"wp","href":"https:\/\/api.w.org\/{rel}","templated":true}]}}