{"id":77026,"date":"2020-02-24T13:32:39","date_gmt":"2020-02-24T18:32:39","guid":{"rendered":"https:\/\/linitiative.ca\/International\/3-individus-deferes-devant-le-parquet-pour-vol-de-voitures\/"},"modified":"2020-02-24T13:32:39","modified_gmt":"2020-02-24T18:32:39","slug":"3-individus-deferes-devant-le-parquet-pour-vol-de-voitures","status":"publish","type":"post","link":"https:\/\/linitiative.ca\/International\/3-individus-deferes-devant-le-parquet-pour-vol-de-voitures\/","title":{"rendered":"3 individus d\u00e9f\u00e9r\u00e9s devant le parquet pour vol de voitures"},"content":{"rendered":"<p class=\"c5\">Le service pr\u00e9fectoral de la police judiciaire d\u2019Oujda a d\u00e9f\u00e9r\u00e9, le weekend dernier devant le parquet comp\u00e9tent, trois individus \u00e2g\u00e9s entre 22 et 35 ans, dont deux aux multiples ant\u00e9c\u00e9dents judiciaires dans des affaires de vol et de trafic de drogue, pour leur implication pr\u00e9sum\u00e9e dans la formation d\u2019une bande criminelle sp\u00e9cialis\u00e9e dans le vol de voitures.<\/p>\n<p class=\"c5\">La Direction g\u00e9n\u00e9rale de la s\u00fbret\u00e9 nationale (DGSN) a indiqu\u00e9, lundi dans un communiqu\u00e9, qu\u2019apr\u00e8s avoir enregistr\u00e9 des vols de voitures gar\u00e9es dans certains boulevards de la ville, la police judiciaire d\u2019Oujda avait entam\u00e9 des enqu\u00eates de terrain ayant permis d\u2019arr\u00eater deux mis en cause impliqu\u00e9s dans le vol de certaines marques d\u2019automobiles.<\/p>\n<p class=\"c5\">Les suspects for\u00e7aient les serrures et neutralisaient le syst\u00e8me d\u2019alarme \u00e9lectronique des v\u00e9hicules, avant de les d\u00e9monter et de les \u00e9couler aupr\u00e8s du troisi\u00e8me mis en cause, pr\u00e9cise le communiqu\u00e9.<\/p>\n<p class=\"c5\">Les perquisitions effectu\u00e9es dans des entrep\u00f4ts des mis en cause ont permis de saisir 4 voitures et trois autres d\u00e9mont\u00e9es et pr\u00eates \u00e0 la vente, outre des \u00e9quipements, des cl\u00e9s et des c\u00e2bles \u00e9lectriques utilis\u00e9s dans ces vols, a relev\u00e9 la m\u00eame source.<\/p>\n<p class=\"c5\">Ces individus ont \u00e9t\u00e9 plac\u00e9s en garde \u00e0 vue \u00e0 la disposition de l\u2019enqu\u00eate men\u00e9e sous la supervision du parquet comp\u00e9tent, avant d\u2019\u00eatre d\u00e9f\u00e9r\u00e9s devant la justice, selon la DGSN qui a fait savoir que les enqu\u00eates et investigations se poursuivent en vue d\u2019identifier et d\u2019appr\u00e9hender d\u2019autres personnes \u00e9ventuellement impliqu\u00e9es dans cette activit\u00e9 criminelle.<\/p>\n<p>Auteur: Soufiane ELAHMAR<br \/>\n<a href=\"http:\/\/www.mapoujda.ma\/fr\/3-individus-deferes-devant-le-parquet-pour-vol-de-voitures\/\">Cliquez ici pour lire l&rsquo;article depuis sa source.<\/a><\/p>\n","protected":false},"excerpt":{"rendered":"<p>Le service pr\u00e9fectoral de la police judiciaire d\u2019Oujda a d\u00e9f\u00e9r\u00e9, le weekend dernier devant le parquet comp\u00e9tent, trois individus \u00e2g\u00e9s entre 22 et 35 ans, dont deux aux multiples ant\u00e9c\u00e9dents judiciaires dans des affaires de vol et de trafic de drogue, pour leur implication pr\u00e9sum\u00e9e dans la formation d\u2019une bande criminelle sp\u00e9cialis\u00e9e dans le vol [&hellip;]<\/p>\n","protected":false},"author":1788,"featured_media":0,"comment_status":"closed","ping_status":"closed","sticky":false,"template":"","format":"standard","meta":{"fifu_image_url":"","fifu_image_alt":"","footnotes":""},"categories":[54,76],"tags":[],"class_list":["post-77026","post","type-post","status-publish","format-standard","hentry","category-maroc","category-regions"],"_links":{"self":[{"href":"https:\/\/linitiative.ca\/International\/wp-json\/wp\/v2\/posts\/77026","targetHints":{"allow":["GET"]}}],"collection":[{"href":"https:\/\/linitiative.ca\/International\/wp-json\/wp\/v2\/posts"}],"about":[{"href":"https:\/\/linitiative.ca\/International\/wp-json\/wp\/v2\/types\/post"}],"author":[{"embeddable":true,"href":"https:\/\/linitiative.ca\/International\/wp-json\/wp\/v2\/users\/1788"}],"replies":[{"embeddable":true,"href":"https:\/\/linitiative.ca\/International\/wp-json\/wp\/v2\/comments?post=77026"}],"version-history":[{"count":0,"href":"https:\/\/linitiative.ca\/International\/wp-json\/wp\/v2\/posts\/77026\/revisions"}],"wp:attachment":[{"href":"https:\/\/linitiative.ca\/International\/wp-json\/wp\/v2\/media?parent=77026"}],"wp:term":[{"taxonomy":"category","embeddable":true,"href":"https:\/\/linitiative.ca\/International\/wp-json\/wp\/v2\/categories?post=77026"},{"taxonomy":"post_tag","embeddable":true,"href":"https:\/\/linitiative.ca\/International\/wp-json\/wp\/v2\/tags?post=77026"}],"curies":[{"name":"wp","href":"https:\/\/api.w.org\/{rel}","templated":true}]}}