{"id":77029,"date":"2020-02-24T15:13:59","date_gmt":"2020-02-24T20:13:59","guid":{"rendered":"https:\/\/linitiative.ca\/International\/international-chelsea-le-coup-de-gueule-de-rudiger-sur-le-racisme\/"},"modified":"2020-02-24T15:13:59","modified_gmt":"2020-02-24T20:13:59","slug":"international-chelsea-le-coup-de-gueule-de-rudiger-sur-le-racisme","status":"publish","type":"post","link":"https:\/\/linitiative.ca\/International\/international-chelsea-le-coup-de-gueule-de-rudiger-sur-le-racisme\/","title":{"rendered":"International : Chelsea : Le coup de gueule de R\u00fcdiger sur le racisme"},"content":{"rendered":"<div readability=\"32\">\n<p>Auteur : <span class=\"time\">lundi 24 f\u00e9vrier 2020 14:30<\/span><\/p>\n<\/div>\n<div id=\"post_core\" readability=\"43\">\n<p>Tottenham et la police m\u00e9tropolitaine ont indiqu\u00e9 qu&rsquo;aucune preuve n&rsquo;avait \u00e9t\u00e9 trouv\u00e9e pour confirmer le comportement raciste de certains fans \u00e0 son encontre. Interrog\u00e9 par la presse anglaise, le d\u00e9fenseur allemand des Blues a livr\u00e9 un constat alarmant. \u00ab\u00a0Le racisme a gagn\u00e9. Les offensants peuvent toujours revenir au stade, ce qui montre que ces personnes ont gagn\u00e9. Ils ne sont jamais punis et \u00e0 la fin, je suis le bouc \u00e9missaire. Je n&rsquo;abandonnerai pas, je n&rsquo;arr\u00eaterai jamais d&rsquo;\u00e9lever la voix. Je vais toujours \u00e9lever la voix, mais par rapport \u00e0 cela, je suis seul.\u00a0\u00bb Des propos relay\u00e9s par Topmercato.<\/p>\n<p><strong>Publi\u00e9 dans :<\/strong> <span>chelsea<\/span> <span>R\u00fcdiger<\/span><\/p>\n<\/div>\n<p>Auteur:<br \/>\n<a href=\"http:\/\/www.lebuteur.com\/article\/detail?titre=chelsea-le-coup-de-gueule-de-rudiger-sur-le-racisme&#038;id=94973&#038;utm_source=feedburner&#038;utm_medium=feed&#038;utm_campaign=Feed%3A+GalerieFArtciles+%28Les+derniers+articles++-+lebuteur.com%29\">Cliquez ici pour lire l&rsquo;article depuis sa source.<\/a><\/p>\n","protected":false},"excerpt":{"rendered":"<p>Auteur : lundi 24 f\u00e9vrier 2020 14:30 Tottenham et la police m\u00e9tropolitaine ont indiqu\u00e9 qu&rsquo;aucune preuve n&rsquo;avait \u00e9t\u00e9 trouv\u00e9e pour confirmer le comportement raciste de certains fans \u00e0 son encontre. Interrog\u00e9 par la presse anglaise, le d\u00e9fenseur allemand des Blues a livr\u00e9 un constat alarmant. \u00ab\u00a0Le racisme a gagn\u00e9. Les offensants peuvent toujours revenir au [&hellip;]<\/p>\n","protected":false},"author":1738,"featured_media":77030,"comment_status":"closed","ping_status":"closed","sticky":false,"template":"","format":"standard","meta":{"fifu_image_url":"","fifu_image_alt":"","footnotes":""},"categories":[53,75],"tags":[],"class_list":["post-77029","post","type-post","status-publish","format-standard","has-post-thumbnail","hentry","category-algerie","category-sport"],"_links":{"self":[{"href":"https:\/\/linitiative.ca\/International\/wp-json\/wp\/v2\/posts\/77029","targetHints":{"allow":["GET"]}}],"collection":[{"href":"https:\/\/linitiative.ca\/International\/wp-json\/wp\/v2\/posts"}],"about":[{"href":"https:\/\/linitiative.ca\/International\/wp-json\/wp\/v2\/types\/post"}],"author":[{"embeddable":true,"href":"https:\/\/linitiative.ca\/International\/wp-json\/wp\/v2\/users\/1738"}],"replies":[{"embeddable":true,"href":"https:\/\/linitiative.ca\/International\/wp-json\/wp\/v2\/comments?post=77029"}],"version-history":[{"count":0,"href":"https:\/\/linitiative.ca\/International\/wp-json\/wp\/v2\/posts\/77029\/revisions"}],"wp:featuredmedia":[{"embeddable":true,"href":"https:\/\/linitiative.ca\/International\/wp-json\/"}],"wp:attachment":[{"href":"https:\/\/linitiative.ca\/International\/wp-json\/wp\/v2\/media?parent=77029"}],"wp:term":[{"taxonomy":"category","embeddable":true,"href":"https:\/\/linitiative.ca\/International\/wp-json\/wp\/v2\/categories?post=77029"},{"taxonomy":"post_tag","embeddable":true,"href":"https:\/\/linitiative.ca\/International\/wp-json\/wp\/v2\/tags?post=77029"}],"curies":[{"name":"wp","href":"https:\/\/api.w.org\/{rel}","templated":true}]}}