{"id":77035,"date":"2020-02-24T15:14:06","date_gmt":"2020-02-24T20:14:06","guid":{"rendered":"https:\/\/linitiative.ca\/International\/pros-milan-ac-bennacer-mon-choix-etait-deja-fait-avant-la-finale-de-la-can\/"},"modified":"2020-02-24T15:14:06","modified_gmt":"2020-02-24T20:14:06","slug":"pros-milan-ac-bennacer-mon-choix-etait-deja-fait-avant-la-finale-de-la-can","status":"publish","type":"post","link":"https:\/\/linitiative.ca\/International\/pros-milan-ac-bennacer-mon-choix-etait-deja-fait-avant-la-finale-de-la-can\/","title":{"rendered":"Pros : Milan AC &#8211; Bennacer : \u00ab\u00a0Mon choix \u00e9tait d\u00e9j\u00e0 fait avant la finale de la CAN\u00a0\u00bb"},"content":{"rendered":"<div readability=\"32\">\n<p>Auteur : <span class=\"time\">lundi 24 f\u00e9vrier 2020 20:46<\/span><\/p>\n<\/div>\n<div id=\"post_core\" readability=\"52\">\n<p>Invit\u00e9 du Vestiaire sur RMC Sport, Isma\u00ebl Bennacer (22 ans), pi\u00e8ce incontournable de l\u2019AC Milan de Stefano Pioli et de l\u2019Alg\u00e9rie de Djamel Belmadi, est revenu sur son dernier mercato d\u2019\u00e9t\u00e9 et, notamment, ses contacts avanc\u00e9s avec l\u2019Olympique Lyonnais : \u00ab\u00a0J\u2019ai toujours dit \u00e0 mon agent, s\u2019il y a du concret, tu me le dis. (&#8230;) Mon choix \u00e9tait d\u00e9j\u00e0 fait avant la finale, je savais que c\u2019\u00e9tait Milan. J\u2019ai attendu. J\u2019ai choisi deux-trois jours avant la finale. Je voulais vraiment attendre jusqu\u2019\u00e0 la fin pour ne pas avoir de regrets\u00a0\u00bb, a-t-il indiqu\u00e9 avant de poursuivre.<\/p>\n<p>\u00ab\u00a0Il y avait eu des contacts avec l\u2019OL. C\u2019\u00e9tait un bon projet. (&#8230;) Parce qu\u2019ils n\u2019avaient pas encore de coach \u00e0 l\u2019\u00e9poque. J\u2019ai rencontr\u00e9 Florian Maurice. Il m\u2019a dit\u00a0: \u00ab\u00a0on te veut, tu as le profil pour Lyon et je pense que n\u2019importe quel entra\u00eeneur te voudra \u00e0 Lyon. Ton profil serait parfait\u00a0\u00bb. Apr\u00e8s, Sylvinho et Juninho sont arriv\u00e9s et je n\u2019ai plus eu de nouvelles. D\u2019un coup\u00a0\u00bb, a-t-il indiqu\u00e9 comme le rapporte Footmercato.<\/p>\n<\/div>\n<p>Auteur:<br \/>\n<a href=\"http:\/\/www.lebuteur.com\/article\/detail?titre=milan-ac-bennacer-mon-choix-etait-deja-fait-avant-la-finale-de-la-can&#038;id=94976&#038;utm_source=feedburner&#038;utm_medium=feed&#038;utm_campaign=Feed%3A+GalerieFArtciles+%28Les+derniers+articles++-+lebuteur.com%29\">Cliquez ici pour lire l&rsquo;article depuis sa source.<\/a><\/p>\n","protected":false},"excerpt":{"rendered":"<p>Auteur : lundi 24 f\u00e9vrier 2020 20:46 Invit\u00e9 du Vestiaire sur RMC Sport, Isma\u00ebl Bennacer (22 ans), pi\u00e8ce incontournable de l\u2019AC Milan de Stefano Pioli et de l\u2019Alg\u00e9rie de Djamel Belmadi, est revenu sur son dernier mercato d\u2019\u00e9t\u00e9 et, notamment, ses contacts avanc\u00e9s avec l\u2019Olympique Lyonnais : \u00ab\u00a0J\u2019ai toujours dit \u00e0 mon agent, s\u2019il y [&hellip;]<\/p>\n","protected":false},"author":1738,"featured_media":77036,"comment_status":"closed","ping_status":"closed","sticky":false,"template":"","format":"standard","meta":{"fifu_image_url":"","fifu_image_alt":"","footnotes":""},"categories":[53,75],"tags":[],"class_list":["post-77035","post","type-post","status-publish","format-standard","has-post-thumbnail","hentry","category-algerie","category-sport"],"_links":{"self":[{"href":"https:\/\/linitiative.ca\/International\/wp-json\/wp\/v2\/posts\/77035","targetHints":{"allow":["GET"]}}],"collection":[{"href":"https:\/\/linitiative.ca\/International\/wp-json\/wp\/v2\/posts"}],"about":[{"href":"https:\/\/linitiative.ca\/International\/wp-json\/wp\/v2\/types\/post"}],"author":[{"embeddable":true,"href":"https:\/\/linitiative.ca\/International\/wp-json\/wp\/v2\/users\/1738"}],"replies":[{"embeddable":true,"href":"https:\/\/linitiative.ca\/International\/wp-json\/wp\/v2\/comments?post=77035"}],"version-history":[{"count":0,"href":"https:\/\/linitiative.ca\/International\/wp-json\/wp\/v2\/posts\/77035\/revisions"}],"wp:featuredmedia":[{"embeddable":true,"href":"https:\/\/linitiative.ca\/International\/wp-json\/"}],"wp:attachment":[{"href":"https:\/\/linitiative.ca\/International\/wp-json\/wp\/v2\/media?parent=77035"}],"wp:term":[{"taxonomy":"category","embeddable":true,"href":"https:\/\/linitiative.ca\/International\/wp-json\/wp\/v2\/categories?post=77035"},{"taxonomy":"post_tag","embeddable":true,"href":"https:\/\/linitiative.ca\/International\/wp-json\/wp\/v2\/tags?post=77035"}],"curies":[{"name":"wp","href":"https:\/\/api.w.org\/{rel}","templated":true}]}}