{"id":77037,"date":"2020-02-23T18:00:00","date_gmt":"2020-02-23T23:00:00","guid":{"rendered":"https:\/\/linitiative.ca\/International\/22-fevrier-journee-nationale-m-goudjil-salue-la-decision-du-president-de-la-republique\/"},"modified":"2020-02-23T18:00:00","modified_gmt":"2020-02-23T23:00:00","slug":"22-fevrier-journee-nationale-m-goudjil-salue-la-decision-du-president-de-la-republique","status":"publish","type":"post","link":"https:\/\/linitiative.ca\/International\/22-fevrier-journee-nationale-m-goudjil-salue-la-decision-du-president-de-la-republique\/","title":{"rendered":"22 f\u00e9vrier Journ\u00e9e nationale : M. Goudjil salue la d\u00e9cision du pr\u00e9sident de la R\u00e9publique"},"content":{"rendered":"<p>Le pr\u00e9sident du Conseil de la nation par int\u00e9rim, Salah Goudjil, a salu\u00e9 hier la d\u00e9cision du pr\u00e9sident de la R\u00e9publique, Abdelmadjid Tebboune, de d\u00e9cr\u00e9ter le 22 f\u00e9vrier, \u00abJourn\u00e9e nationale de la Fraternit\u00e9 et de la Coh\u00e9sion peuple-arm\u00e9e pour la d\u00e9mocratie\u00bb, a indiqu\u00e9 un communiqu\u00e9 de le chambre haute du Parlement. Pr\u00e9sidant une r\u00e9union du bureau du Conseil de la nation \u00e9largie aux pr\u00e9sidents des groupes parlementaires et consacr\u00e9e \u00e0 l&rsquo;examen et au d\u00e9bat du programme des travaux du Conseil lors de la prochaine p\u00e9riode, M. Goudjil a salu\u00e9 \u00able climat d\u00e9mocratique\u00bb qui a pr\u00e9valu lors du d\u00e9bat du Plan d&rsquo;action du Gouvernement et qui a \u00e9t\u00e9 empreint d&rsquo;\u00abun sens \u00e9lev\u00e9 de responsabilit\u00e9\u00bb, clairement traduit \u00e0 travers le niveau et la qualit\u00e9 des interventions des membres du Conseil.<br \/>Ce climat d\u00e9mocratique d\u00e9bouchera in\u00e9luctablement sur \u00abdes niveaux \u00e9lev\u00e9s de coordination et de concertation entre les deux Pouvoirs l\u00e9gislatif et ex\u00e9cutif, dans l&rsquo;objectif d&rsquo;une concr\u00e9tisation sur le terrain du Plan d&rsquo;action du Gouvernement pour la mise en \u0153uvre du programme du pr\u00e9sident de la R\u00e9publique, comme un des jalons pour la construction de l&rsquo;Alg\u00e9rie nouvelle\u00bb, a-t-il assur\u00e9.<\/p>\n<p>Auteur: elmoudjahid<br \/>\n<a href=\"http:\/\/www.elmoudjahid.com\/fr\/actualites\/148809\">Cliquez ici pour lire l&rsquo;article depuis sa source.<\/a><\/p>\n","protected":false},"excerpt":{"rendered":"<p>Le pr\u00e9sident du Conseil de la nation par int\u00e9rim, Salah Goudjil, a salu\u00e9 hier la d\u00e9cision du pr\u00e9sident de la R\u00e9publique, Abdelmadjid Tebboune, de d\u00e9cr\u00e9ter le 22 f\u00e9vrier, \u00abJourn\u00e9e nationale de la Fraternit\u00e9 et de la Coh\u00e9sion peuple-arm\u00e9e pour la d\u00e9mocratie\u00bb, a indiqu\u00e9 un communiqu\u00e9 de le chambre haute du Parlement. Pr\u00e9sidant une r\u00e9union du [&hellip;]<\/p>\n","protected":false},"author":1744,"featured_media":0,"comment_status":"closed","ping_status":"closed","sticky":false,"template":"","format":"standard","meta":{"fifu_image_url":"","fifu_image_alt":"","footnotes":""},"categories":[73,53],"tags":[],"class_list":["post-77037","post","type-post","status-publish","format-standard","hentry","category-actualite","category-algerie"],"_links":{"self":[{"href":"https:\/\/linitiative.ca\/International\/wp-json\/wp\/v2\/posts\/77037","targetHints":{"allow":["GET"]}}],"collection":[{"href":"https:\/\/linitiative.ca\/International\/wp-json\/wp\/v2\/posts"}],"about":[{"href":"https:\/\/linitiative.ca\/International\/wp-json\/wp\/v2\/types\/post"}],"author":[{"embeddable":true,"href":"https:\/\/linitiative.ca\/International\/wp-json\/wp\/v2\/users\/1744"}],"replies":[{"embeddable":true,"href":"https:\/\/linitiative.ca\/International\/wp-json\/wp\/v2\/comments?post=77037"}],"version-history":[{"count":0,"href":"https:\/\/linitiative.ca\/International\/wp-json\/wp\/v2\/posts\/77037\/revisions"}],"wp:attachment":[{"href":"https:\/\/linitiative.ca\/International\/wp-json\/wp\/v2\/media?parent=77037"}],"wp:term":[{"taxonomy":"category","embeddable":true,"href":"https:\/\/linitiative.ca\/International\/wp-json\/wp\/v2\/categories?post=77037"},{"taxonomy":"post_tag","embeddable":true,"href":"https:\/\/linitiative.ca\/International\/wp-json\/wp\/v2\/tags?post=77037"}],"curies":[{"name":"wp","href":"https:\/\/api.w.org\/{rel}","templated":true}]}}