{"id":77059,"date":"2020-02-24T05:00:00","date_gmt":"2020-02-24T10:00:00","guid":{"rendered":"https:\/\/linitiative.ca\/International\/gratin-de-pommes-de-terre-et-de-petits-pois-a-la-creme\/"},"modified":"2020-02-24T05:00:00","modified_gmt":"2020-02-24T10:00:00","slug":"gratin-de-pommes-de-terre-et-de-petits-pois-a-la-creme","status":"publish","type":"post","link":"https:\/\/linitiative.ca\/International\/gratin-de-pommes-de-terre-et-de-petits-pois-a-la-creme\/","title":{"rendered":"Gratin de pommes de terre et de petits pois \u00e0 la cr\u00e8me"},"content":{"rendered":"<p><em><strong>3 grosses pommes de terre, 150g de petits pois, un pot de cr\u00e8me \u00e9paisse, 1 oignon, poivre, sel, noix de muscade, piment\u00a0<\/strong><\/em><\/p>\n<p>Coupez les pommes de terre et l\u2019oignon en fines lamelles.\u00a0<br \/>Faites revenir dans une po\u00eale la cr\u00e8me avec le sel, le poivre et la noix de muscade. Puis dans un plat qui va au four, mettez les pommes de terre avec la moiti\u00e9 des oignons puis ajoutez la cr\u00e8me que vous aurez m\u00e9lang\u00e9e avec le reste des oignons et enfin les petits pois.\u00a0<br \/>Terminez avec une l\u00e9g\u00e8re couche de cr\u00e8me et de fromage r\u00e2p\u00e9. Faites cuire au four.<\/p>\n<p>Auteur:<br \/>\n<a href=\"https:\/\/www.lesoirdalgerie.com\/femme-magazine\/gratin-de-pommes-de-terre-et-de-petits-pois-a-la-creme-39117\">Cliquez ici pour lire l&rsquo;article depuis sa source.<\/a><\/p>\n","protected":false},"excerpt":{"rendered":"<p>3 grosses pommes de terre, 150g de petits pois, un pot de cr\u00e8me \u00e9paisse, 1 oignon, poivre, sel, noix de muscade, piment\u00a0 Coupez les pommes de terre et l\u2019oignon en fines lamelles.\u00a0Faites revenir dans une po\u00eale la cr\u00e8me avec le sel, le poivre et la noix de muscade. Puis dans un plat qui va au [&hellip;]<\/p>\n","protected":false},"author":1741,"featured_media":0,"comment_status":"closed","ping_status":"closed","sticky":false,"template":"","format":"standard","meta":{"fifu_image_url":"","fifu_image_alt":"","footnotes":""},"categories":[73,53],"tags":[],"class_list":["post-77059","post","type-post","status-publish","format-standard","hentry","category-actualite","category-algerie"],"_links":{"self":[{"href":"https:\/\/linitiative.ca\/International\/wp-json\/wp\/v2\/posts\/77059","targetHints":{"allow":["GET"]}}],"collection":[{"href":"https:\/\/linitiative.ca\/International\/wp-json\/wp\/v2\/posts"}],"about":[{"href":"https:\/\/linitiative.ca\/International\/wp-json\/wp\/v2\/types\/post"}],"author":[{"embeddable":true,"href":"https:\/\/linitiative.ca\/International\/wp-json\/wp\/v2\/users\/1741"}],"replies":[{"embeddable":true,"href":"https:\/\/linitiative.ca\/International\/wp-json\/wp\/v2\/comments?post=77059"}],"version-history":[{"count":0,"href":"https:\/\/linitiative.ca\/International\/wp-json\/wp\/v2\/posts\/77059\/revisions"}],"wp:attachment":[{"href":"https:\/\/linitiative.ca\/International\/wp-json\/wp\/v2\/media?parent=77059"}],"wp:term":[{"taxonomy":"category","embeddable":true,"href":"https:\/\/linitiative.ca\/International\/wp-json\/wp\/v2\/categories?post=77059"},{"taxonomy":"post_tag","embeddable":true,"href":"https:\/\/linitiative.ca\/International\/wp-json\/wp\/v2\/tags?post=77059"}],"curies":[{"name":"wp","href":"https:\/\/api.w.org\/{rel}","templated":true}]}}