{"id":77061,"date":"2020-02-24T05:00:00","date_gmt":"2020-02-24T10:00:00","guid":{"rendered":"https:\/\/linitiative.ca\/International\/droit-de-reponse-de-lavocat-de-m-%e2%80%88said-bouteflika\/"},"modified":"2020-02-24T05:00:00","modified_gmt":"2020-02-24T10:00:00","slug":"droit-de-reponse-de-lavocat-de-m-%e2%80%88said-bouteflika","status":"publish","type":"post","link":"https:\/\/linitiative.ca\/International\/droit-de-reponse-de-lavocat-de-m-%e2%80%88said-bouteflika\/","title":{"rendered":"Droit de r\u00e9ponse de l\u2019avocat de M.\u2008Sa\u00efd Bouteflika"},"content":{"rendered":"<p><a href=\"\/contribution\/lalgerie-de-kamel-daoud-et-la-nouvelle-algerie-39100\"\/><\/p>\n<div class=\"image\"><img class=\"lazy\" data-original=\"\/data\/images\/article\/thumbs\/ls-39100lalgerie-de-kamel-daoud-et-la-nouvelle-algerie-1d72a.jpg\"\/><\/p>\n<p><span>1<\/span><\/p>\n<\/div>\n<p class=\"type-date\"><span>Contribution<\/span> 11:00 | 23-02-2020<\/p>\n<h5 class=\"first-title\"><a href=\"\/contribution\/lalgerie-de-kamel-daoud-et-la-nouvelle-algerie-39100\"\/><\/h5>\n<h5 class=\"title\"><a href=\"\/contribution\/lalgerie-de-kamel-daoud-et-la-nouvelle-algerie-39100\">L\u2019Alg\u00e9rie de Kamel Daoud et la nouvelle Alg\u00e9rie<\/a><\/h5>\n<p><a href=\"\/contribution\/lalgerie-de-kamel-daoud-et-la-nouvelle-algerie-39100\"\/><\/p>\n<p class=\"text\">Kamel Daoud est la fiert\u00e9 d\u2019Oran et pourquoi pas celle de l\u2019Alg\u00e9rie ? En visionnant, en mode replay, L\u2019Alg\u00e9rie de Kamal Daoud, documentaire diffus\u00e9 sur France 5, je vois d\u00e9filer les images d\u2019une belle Alg\u00e9rie. D\u2019autres<\/p>\n<p>Auteur:<br \/>\n<a href=\"https:\/\/www.lesoirdalgerie.com\/actualites\/droit-de-reponse-de-lavocat-de-m%E2%80%88said-bouteflika-39168\">Cliquez ici pour lire l&rsquo;article depuis sa source.<\/a><\/p>\n","protected":false},"excerpt":{"rendered":"<p>1 Contribution 11:00 | 23-02-2020 L\u2019Alg\u00e9rie de Kamel Daoud et la nouvelle Alg\u00e9rie Kamel Daoud est la fiert\u00e9 d\u2019Oran et pourquoi pas celle de l\u2019Alg\u00e9rie ? En visionnant, en mode replay, L\u2019Alg\u00e9rie de Kamal Daoud, documentaire diffus\u00e9 sur France 5, je vois d\u00e9filer les images d\u2019une belle Alg\u00e9rie. D\u2019autres Auteur: Cliquez ici pour lire l&rsquo;article [&hellip;]<\/p>\n","protected":false},"author":1741,"featured_media":0,"comment_status":"closed","ping_status":"closed","sticky":false,"template":"","format":"standard","meta":{"fifu_image_url":"","fifu_image_alt":"","footnotes":""},"categories":[73,53],"tags":[],"class_list":["post-77061","post","type-post","status-publish","format-standard","hentry","category-actualite","category-algerie"],"_links":{"self":[{"href":"https:\/\/linitiative.ca\/International\/wp-json\/wp\/v2\/posts\/77061","targetHints":{"allow":["GET"]}}],"collection":[{"href":"https:\/\/linitiative.ca\/International\/wp-json\/wp\/v2\/posts"}],"about":[{"href":"https:\/\/linitiative.ca\/International\/wp-json\/wp\/v2\/types\/post"}],"author":[{"embeddable":true,"href":"https:\/\/linitiative.ca\/International\/wp-json\/wp\/v2\/users\/1741"}],"replies":[{"embeddable":true,"href":"https:\/\/linitiative.ca\/International\/wp-json\/wp\/v2\/comments?post=77061"}],"version-history":[{"count":0,"href":"https:\/\/linitiative.ca\/International\/wp-json\/wp\/v2\/posts\/77061\/revisions"}],"wp:attachment":[{"href":"https:\/\/linitiative.ca\/International\/wp-json\/wp\/v2\/media?parent=77061"}],"wp:term":[{"taxonomy":"category","embeddable":true,"href":"https:\/\/linitiative.ca\/International\/wp-json\/wp\/v2\/categories?post=77061"},{"taxonomy":"post_tag","embeddable":true,"href":"https:\/\/linitiative.ca\/International\/wp-json\/wp\/v2\/tags?post=77061"}],"curies":[{"name":"wp","href":"https:\/\/api.w.org\/{rel}","templated":true}]}}