{"id":77064,"date":"2020-02-24T10:46:46","date_gmt":"2020-02-24T15:46:46","guid":{"rendered":"https:\/\/linitiative.ca\/International\/inwi-adhere-a-la-declaration-numerique-gsma\/"},"modified":"2020-02-24T10:46:46","modified_gmt":"2020-02-24T15:46:46","slug":"inwi-adhere-a-la-declaration-numerique-gsma","status":"publish","type":"post","link":"https:\/\/linitiative.ca\/International\/inwi-adhere-a-la-declaration-numerique-gsma\/","title":{"rendered":"inwi adh\u00e8re \u00e0 la \u00ab D\u00e9claration Num\u00e9rique GSMA \u00bb"},"content":{"rendered":"<p><strong>inwi est le premier op\u00e9rateur t\u00e9l\u00e9com marocain \u00e0 devenir officiellement membre de la d\u00e9claration qui rassemble 82 dirigeants du monde entier en faveur d\u2019un \u00ab\u00a0leadership responsable \u00e0 l\u2019\u00e8re du num\u00e9rique\u00a0\u00bb.<\/strong><\/p>\n<div class=\"c10\"\/>\n<p>L\u2019op\u00e9rateur t\u00e9l\u00e9phonique poursuit ses efforts visant \u00e0 contribuer, de mani\u00e8re juste, responsable et durable, \u00e0 l\u2019inclusion num\u00e9rique de l\u2019ensemble de la population. Il vient d\u2019adh\u00e9rer officiellement \u00e0 la <strong>D\u00e9claration Num\u00e9rique GSMA<\/strong> (Association nationale d\u2019op\u00e9rateurs de t\u00e9l\u00e9phonie mobile).<\/p>\n<p>La \u00ab\u00a0D\u00e9claration Num\u00e9rique\u00a0\u00bb est un mouvement trans-sectoriel de dirigeants qui vise \u00e0 r\u00e9pondre \u00e0 des d\u00e9fis majeurs li\u00e9s \u00e0 la digitalisation. Ses principes appellent les entreprises \u00e0 respecter la vie priv\u00e9e des citoyens, \u00e0 manier les donn\u00e9es personnelles de fa\u00e7on s\u00e9curis\u00e9es et transparentes et \u00e0 mettre en \u0153uvre des mesures concr\u00e8tes dans le but de contrecarrer les cybermenaces.<\/p>\n<p>Lire aussi : <a href=\"https:\/\/www.challenge.ma\/inwi-retire-sa-plainte-contre-maroc-telecom-130603\/\" target=\"_blank\" rel=\"noreferrer noopener\" aria-label=\"Inwi retire sa plainte contre Maroc Telecom (s\u2019ouvre dans un nouvel onglet)\">Inwi retire sa plainte contre Maroc Telecom<\/a><\/p>\n<p>L\u2019adh\u00e9sion de <strong>inwi<\/strong> \u00e0 ce mouvement fait partie de sa strat\u00e9gie en mati\u00e8re de s\u00e9curit\u00e9 et de protection des donn\u00e9es. Preuve en est le lancement du premier Cloud souverain gr\u00e2ce auquel 100% des donn\u00e9es informatiques sont stock\u00e9es au Maroc en toute s\u00e9curit\u00e9 dans ses Datacenters.<\/p>\n<p>\u00ab Chez inwi, nous nous engageons \u00e0 offrir \u00e0 la population marocaine un acc\u00e8s de haute qualit\u00e9 aux opportunit\u00e9s d\u2019une vie connect\u00e9e. Nous nous effor\u00e7ons de r\u00e9aliser cette mission gr\u00e2ce \u00e0 des produits et des pratiques commerciales justes, inclusifs et durables. Cela nous rend extr\u00eamement fiers de rejoindre nos coll\u00e8gues de l\u2019industrie et de soutenir la d\u00e9claration num\u00e9rique de la GSMA \u00bb , souligne Nadia Fassi Fihri, PDG de inwi.<\/p>\n<p>Pour rappel, le lancement de la \u00ab D\u00e9claration Num\u00e9rique \u00bb avait eu lieu en janvier 2019 en marge du Forum Economique Mondial de Davos. Cette initiative est n\u00e9e dans un contexte marqu\u00e9 par des changements sans pr\u00e9c\u00e9dent au sein du monde num\u00e9rique et qui impliquent \u00e0 la fois les entreprises et les consommateurs. Parmi les signataires figurent les CEO de grandes entreprises internationales telles que Ericsson, IBM, SK Telecom, Vodafone Group, Sony, Nokia\u2026<\/p>\n<div class=\"c17\">\n<fieldset class=\"c16\">\n<legend><strong><span class=\"c11\">Challenge<\/span><span class=\"c12\">news<\/span><\/strong><\/legend>\n<div class=\"c15\">Le meilleur de Challenge s\u00e9lectionn\u00e9 par la r\u00e9daction :<\/p>\n<\/div>\n<\/fieldset>\n<\/div>\n<p>Auteur: challenge<br \/>\n<a href=\"https:\/\/www.challenge.ma\/inwi-adhere-a-la-declaration-numerique-gsma-130817\/\">Cliquez ici pour lire l&rsquo;article depuis sa source.<\/a><\/p>\n","protected":false},"excerpt":{"rendered":"<p>inwi est le premier op\u00e9rateur t\u00e9l\u00e9com marocain \u00e0 devenir officiellement membre de la d\u00e9claration qui rassemble 82 dirigeants du monde entier en faveur d\u2019un \u00ab\u00a0leadership responsable \u00e0 l\u2019\u00e8re du num\u00e9rique\u00a0\u00bb. L\u2019op\u00e9rateur t\u00e9l\u00e9phonique poursuit ses efforts visant \u00e0 contribuer, de mani\u00e8re juste, responsable et durable, \u00e0 l\u2019inclusion num\u00e9rique de l\u2019ensemble de la population. Il vient d\u2019adh\u00e9rer [&hellip;]<\/p>\n","protected":false},"author":1787,"featured_media":0,"comment_status":"closed","ping_status":"closed","sticky":false,"template":"","format":"standard","meta":{"fifu_image_url":"","fifu_image_alt":"","footnotes":""},"categories":[78,54],"tags":[],"class_list":["post-77064","post","type-post","status-publish","format-standard","hentry","category-economie","category-maroc"],"_links":{"self":[{"href":"https:\/\/linitiative.ca\/International\/wp-json\/wp\/v2\/posts\/77064","targetHints":{"allow":["GET"]}}],"collection":[{"href":"https:\/\/linitiative.ca\/International\/wp-json\/wp\/v2\/posts"}],"about":[{"href":"https:\/\/linitiative.ca\/International\/wp-json\/wp\/v2\/types\/post"}],"author":[{"embeddable":true,"href":"https:\/\/linitiative.ca\/International\/wp-json\/wp\/v2\/users\/1787"}],"replies":[{"embeddable":true,"href":"https:\/\/linitiative.ca\/International\/wp-json\/wp\/v2\/comments?post=77064"}],"version-history":[{"count":0,"href":"https:\/\/linitiative.ca\/International\/wp-json\/wp\/v2\/posts\/77064\/revisions"}],"wp:attachment":[{"href":"https:\/\/linitiative.ca\/International\/wp-json\/wp\/v2\/media?parent=77064"}],"wp:term":[{"taxonomy":"category","embeddable":true,"href":"https:\/\/linitiative.ca\/International\/wp-json\/wp\/v2\/categories?post=77064"},{"taxonomy":"post_tag","embeddable":true,"href":"https:\/\/linitiative.ca\/International\/wp-json\/wp\/v2\/tags?post=77064"}],"curies":[{"name":"wp","href":"https:\/\/api.w.org\/{rel}","templated":true}]}}