{"id":77065,"date":"2020-02-24T11:59:29","date_gmt":"2020-02-24T16:59:29","guid":{"rendered":"https:\/\/linitiative.ca\/International\/runforneet2020-une-course-pour-linsertion-des-jeunes\/"},"modified":"2020-02-24T11:59:29","modified_gmt":"2020-02-24T16:59:29","slug":"runforneet2020-une-course-pour-linsertion-des-jeunes","status":"publish","type":"post","link":"https:\/\/linitiative.ca\/International\/runforneet2020-une-course-pour-linsertion-des-jeunes\/","title":{"rendered":"#RunforNEET2020 : une course pour l\u2019insertion des jeunes"},"content":{"rendered":"<p><strong>Les jeunes qui ne sont ni \u00e9tudiants, ni employ\u00e9s, ni stagiaires sont au c\u0153ur d\u2019une belle initiative lanc\u00e9e par TIBU Maroc, qui organise, en mars prochain, une course en faveur de cette cat\u00e9gorie de citoyens marocains.<\/strong><\/p>\n<div class=\"c10\"\/>\n<p><strong>TIBU Maroc<\/strong> organise, le 15 mars prochain, la premi\u00e8re \u00e9dition de l\u2019\u00e9v\u00e8nement Courir pour l\u2019emploi des jeunes en situation de NEET\u00a0(Neither in Education, Employment nor Training, lire en fran\u00e7ais\u00a0: ni \u00e9tudiant, ni employ\u00e9, ni stagiaire. \u00ab\u00a0<em>L\u2019emploi des jeunes en situation de NEET est une priorit\u00e9 absolue, nous devons passer de l\u2019\u00e9tape du diagnostic \u00e0 celle du plan d\u2019action op\u00e9rationnel<\/em>\u00a0\u00bb,\u00a0d\u00e9clare Mohamed Amine Zariat, Ashoka Fellow &#038; Pr\u00e9sident Fondateur de l\u2019ONG TIBU Maroc<strong>.<\/strong><\/p>\n<p>Quelque 1.500 personnes participeront \u00e0 cette course qui comptera \u00e9galement des figures politiques, m\u00e9diatiques et du monde des affaires. Certains ont d\u2019ailleurs r\u00e9pondu au challenge <strong>#RunforNEET<\/strong> lanc\u00e9 sur Twitter par le pr\u00e9sident fondateur de TIBU Maroc, Mohamed Amine Zariat. Parmi les personnalit\u00e9s qui ont d\u00e9j\u00e0 confirm\u00e9 leur participation, Chakib Alj, pr\u00e9sident de la Conf\u00e9d\u00e9ration g\u00e9n\u00e9rale des entreprises du Maroc (CGEM), Kamal Lahlou, pr\u00e9sident directeur g\u00e9n\u00e9ral des publications de la Gazette, Lotfi Sekkat, pr\u00e9sident de CIH Banque et Ahmed Reda Chami, pr\u00e9sident du Conseil \u00e9conomique, social et environnemental (CESE).<\/p>\n<p>Un parcours de 10 KM est pr\u00e9vu d\u00e9cernant les deux grands quartiers historiques de la m\u00e9tropole Casablanca : Ain Seba\u00e2 et Hay Mohammadi. Une dizaine d\u2019associations locales et nationales qui travaillent avec les jeunes en situation de NEET seront au rendez-vous pour animer des stands et faire parler de leurs programmes et initiatives. Une grande campagne m\u00e9diatique accompagnera l\u2019\u00e9v\u00e8nement pour sensibiliser le grand public \u00e0 cette cause sociale.<\/p>\n<p>Rechercher une opportunit\u00e9 de travail est comme courir dans un marathon. Il s\u2019agit d\u2019un sport parfois \u00e9prouvant car cela peut prendre du temps, rechercher une opportunit\u00e9 de travail pour un jeune qui a quitt\u00e9 l\u2019\u00e9cole sans aucune qualification ou formation s\u2019av\u00e8re encore plus difficile, ce qui renvoie \u00e0 une r\u00e9alit\u00e9 am\u00e8re pour des jeunes livr\u00e9s \u00e0 eux-m\u00eames et sans avenir.<\/p>\n<p><img decoding=\"async\" src=\"https:\/\/www.challenge.ma\/wp-content\/uploads\/2020\/02\/zariat-695x1024.jpg\" alt=\"\" class=\"wp-image-130831\" srcset=\"https:\/\/www.challenge.ma\/wp-content\/uploads\/2020\/02\/zariat-695x1024.jpg 695w, https:\/\/www.challenge.ma\/wp-content\/uploads\/2020\/02\/zariat-204x300.jpg 204w, https:\/\/www.challenge.ma\/wp-content\/uploads\/2020\/02\/zariat-768x1132.jpg 768w, https:\/\/www.challenge.ma\/wp-content\/uploads\/2020\/02\/zariat-360x531.jpg 360w, https:\/\/www.challenge.ma\/wp-content\/uploads\/2020\/02\/zariat-750x1105.jpg 750w\" sizes=\"(max-width: 695px) 100vw, 695px\"\/>Mohamed Amine Zariat, Ashoka Fellow &#038; Pr\u00e9sident Fondateur de l\u2019ONG TIBU Maroc<\/p>\n<p>Depuis 2019, TIBU Maroc, une association ayant pour but l\u2019\u00e9ducation et l\u2019insertion des jeunes par le sport, a rejoint le banc des acteurs qui contribuent \u00e0 l\u2019am\u00e9lioration des conditions de vie des jeunes en situation de NEET en d\u00e9veloppant son programme <strong>Intilaqa<\/strong>, premier programme d\u2019insertion professionnelles des jeunes par le sport au Maroc et en Afrique.<\/p>\n<div class=\"c18\">\n<fieldset class=\"c17\">\n<legend><strong><span class=\"c12\">Challenge<\/span><span class=\"c13\">news<\/span><\/strong><\/legend>\n<div class=\"c16\">Le meilleur de Challenge s\u00e9lectionn\u00e9 par la r\u00e9daction :<\/p>\n<\/div>\n<\/fieldset>\n<\/div>\n<p>Auteur: Hassan Manyani<br \/>\n<a href=\"https:\/\/www.challenge.ma\/runforneet2020-une-course-pour-linsertion-des-jeunes-130822\/\">Cliquez ici pour lire l&rsquo;article depuis sa source.<\/a><\/p>\n","protected":false},"excerpt":{"rendered":"<p>Les jeunes qui ne sont ni \u00e9tudiants, ni employ\u00e9s, ni stagiaires sont au c\u0153ur d\u2019une belle initiative lanc\u00e9e par TIBU Maroc, qui organise, en mars prochain, une course en faveur de cette cat\u00e9gorie de citoyens marocains. TIBU Maroc organise, le 15 mars prochain, la premi\u00e8re \u00e9dition de l\u2019\u00e9v\u00e8nement Courir pour l\u2019emploi des jeunes en situation [&hellip;]<\/p>\n","protected":false},"author":1787,"featured_media":77066,"comment_status":"closed","ping_status":"closed","sticky":false,"template":"","format":"standard","meta":{"fifu_image_url":"","fifu_image_alt":"","footnotes":""},"categories":[78,54],"tags":[],"class_list":["post-77065","post","type-post","status-publish","format-standard","has-post-thumbnail","hentry","category-economie","category-maroc"],"_links":{"self":[{"href":"https:\/\/linitiative.ca\/International\/wp-json\/wp\/v2\/posts\/77065","targetHints":{"allow":["GET"]}}],"collection":[{"href":"https:\/\/linitiative.ca\/International\/wp-json\/wp\/v2\/posts"}],"about":[{"href":"https:\/\/linitiative.ca\/International\/wp-json\/wp\/v2\/types\/post"}],"author":[{"embeddable":true,"href":"https:\/\/linitiative.ca\/International\/wp-json\/wp\/v2\/users\/1787"}],"replies":[{"embeddable":true,"href":"https:\/\/linitiative.ca\/International\/wp-json\/wp\/v2\/comments?post=77065"}],"version-history":[{"count":0,"href":"https:\/\/linitiative.ca\/International\/wp-json\/wp\/v2\/posts\/77065\/revisions"}],"wp:featuredmedia":[{"embeddable":true,"href":"https:\/\/linitiative.ca\/International\/wp-json\/"}],"wp:attachment":[{"href":"https:\/\/linitiative.ca\/International\/wp-json\/wp\/v2\/media?parent=77065"}],"wp:term":[{"taxonomy":"category","embeddable":true,"href":"https:\/\/linitiative.ca\/International\/wp-json\/wp\/v2\/categories?post=77065"},{"taxonomy":"post_tag","embeddable":true,"href":"https:\/\/linitiative.ca\/International\/wp-json\/wp\/v2\/tags?post=77065"}],"curies":[{"name":"wp","href":"https:\/\/api.w.org\/{rel}","templated":true}]}}