{"id":77085,"date":"2020-02-24T16:50:11","date_gmt":"2020-02-24T21:50:11","guid":{"rendered":"https:\/\/linitiative.ca\/International\/une-tempete-de-sable-et-de-poussiere-recouvre-la-mauritanie-et-le-senegal\/"},"modified":"2020-02-24T16:50:11","modified_gmt":"2020-02-24T21:50:11","slug":"une-tempete-de-sable-et-de-poussiere-recouvre-la-mauritanie-et-le-senegal","status":"publish","type":"post","link":"https:\/\/linitiative.ca\/International\/une-tempete-de-sable-et-de-poussiere-recouvre-la-mauritanie-et-le-senegal\/","title":{"rendered":"Une temp\u00eate de sable et de poussi\u00e8re recouvre la Mauritanie et le S\u00e9n\u00e9gal"},"content":{"rendered":"<div readability=\"32\">\n<p>Publi\u00e9 le 24.02.2020 \u00e0 22h50 par AFP<\/p>\n<\/div>\n<div readability=\"85\">\n<p>Visibilit\u00e9 de moins de 100 m, voitures au ralenti roulant avec leurs phares anti-brouillard allum\u00e9s et des silhouettes fantomatiques circulant dans des rues quasi d\u00e9sertes: la capitale mauritanienne Nouakchott a \u00e9t\u00e9 recouverte lundi d\u2019un \u00e9pais nuage de sable et de poussi\u00e8re, qui s\u2019est \u00e9tendu jusqu\u2019au S\u00e9n\u00e9gal.<\/p>\n<p>\u00ab\u00a0C\u2019\u00e9tait une ambiance fin du monde, avec des silhouettes noy\u00e9es dans la poussi\u00e8re\u00a0\u00bb, a constat\u00e9 une journaliste de l\u2019AFP, selon qui les vendeurs de rue \u00e9taient notamment nettement moins nombreux que d\u2019habitude dans la capitale de ce vaste pays sah\u00e9lien.<\/p>\n<p>\u00ab\u00a0La prudence est requise, surtout chez les transporteurs qui empruntent les grands axes routiers en raison de la possibilit\u00e9 de formation de petites dunes de sable provoqu\u00e9es par les temp\u00eates\u00a0\u00bb, a d\u00e9clar\u00e9 \u00e0 l\u2019AFP le directeur des pr\u00e9visions de l\u2019Office national de la m\u00e9t\u00e9orologie, Sidi Ould Mohamed Lemine.<\/p>\n<p>Ces conditions, provoqu\u00e9es par une zone de basse pression sur Nouakchott, le Sud et l\u2019Est de la Mauritanie, perdureront jusqu\u2019\u00e0 mercredi, a-t-il ajout\u00e9, en recommandant la prudence aux personnes atteintes de maladies respiratoires, aux enfants et aux personnes \u00e2g\u00e9es.<\/p>\n<p>Une \u00ab\u00a0couche dense de poussi\u00e8re\u00a0\u00bb est \u00e9galement apparue lundi apr\u00e8s-midi sur le nord du S\u00e9n\u00e9gal, voisin de la Mauritanie, selon les services m\u00e9t\u00e9orologiques s\u00e9n\u00e9galais, qui pr\u00e9voient \u00e0 partir de mardi une \u00ab\u00a0densification de la poussi\u00e8re\u00a0\u00bb et une \u00ab\u00a0visibilit\u00e9 fortement r\u00e9duite\u00a0\u00bb. Elle va progressivement toucher l\u2019ensemble du territoire s\u00e9n\u00e9galais jusqu\u2019\u00e0 jeudi, selon les m\u00eame sources.<\/p>\n<p>Les huit a\u00e9roports de l\u2019archipel espagnol des Canaries, au large du Maroc, ont en revanche rouvert lundi, apr\u00e8s avoir \u00e9t\u00e9 ferm\u00e9s dimanche en raison d\u2019une temp\u00eate de sable d\u2019une ampleur exceptionnelle.<\/p>\n<p>Le chef du gouvernement r\u00e9gional des Canaries, Angel Victor Torres, a \u00e9voqu\u00e9 un \u00ab\u00a0week-end cauchemardesque\u00a0\u00bb, en assurant que cela avait \u00e9t\u00e9 la pire temp\u00eate de sable ayant frapp\u00e9 les Canaries en quatre d\u00e9cennies.<\/p>\n<\/div>\n<p>Auteur: AFP<br \/>\n<a href=\"https:\/\/www.journalducameroun.com\/une-tempete-de-sable-et-de-poussiere-recouvre-la-mauritanie-et-le-senegal\/\">Cliquez ici pour lire l&rsquo;article depuis sa source.<\/a><\/p>\n","protected":false},"excerpt":{"rendered":"<p>Publi\u00e9 le 24.02.2020 \u00e0 22h50 par AFP Visibilit\u00e9 de moins de 100 m, voitures au ralenti roulant avec leurs phares anti-brouillard allum\u00e9s et des silhouettes fantomatiques circulant dans des rues quasi d\u00e9sertes: la capitale mauritanienne Nouakchott a \u00e9t\u00e9 recouverte lundi d\u2019un \u00e9pais nuage de sable et de poussi\u00e8re, qui s\u2019est \u00e9tendu jusqu\u2019au S\u00e9n\u00e9gal. \u00ab\u00a0C\u2019\u00e9tait une [&hellip;]<\/p>\n","protected":false},"author":1965,"featured_media":0,"comment_status":"closed","ping_status":"closed","sticky":false,"template":"","format":"standard","meta":{"fifu_image_url":"","fifu_image_alt":"","footnotes":""},"categories":[73,82],"tags":[],"class_list":["post-77085","post","type-post","status-publish","format-standard","hentry","category-actualite","category-cameroun"],"_links":{"self":[{"href":"https:\/\/linitiative.ca\/International\/wp-json\/wp\/v2\/posts\/77085","targetHints":{"allow":["GET"]}}],"collection":[{"href":"https:\/\/linitiative.ca\/International\/wp-json\/wp\/v2\/posts"}],"about":[{"href":"https:\/\/linitiative.ca\/International\/wp-json\/wp\/v2\/types\/post"}],"author":[{"embeddable":true,"href":"https:\/\/linitiative.ca\/International\/wp-json\/wp\/v2\/users\/1965"}],"replies":[{"embeddable":true,"href":"https:\/\/linitiative.ca\/International\/wp-json\/wp\/v2\/comments?post=77085"}],"version-history":[{"count":0,"href":"https:\/\/linitiative.ca\/International\/wp-json\/wp\/v2\/posts\/77085\/revisions"}],"wp:attachment":[{"href":"https:\/\/linitiative.ca\/International\/wp-json\/wp\/v2\/media?parent=77085"}],"wp:term":[{"taxonomy":"category","embeddable":true,"href":"https:\/\/linitiative.ca\/International\/wp-json\/wp\/v2\/categories?post=77085"},{"taxonomy":"post_tag","embeddable":true,"href":"https:\/\/linitiative.ca\/International\/wp-json\/wp\/v2\/tags?post=77085"}],"curies":[{"name":"wp","href":"https:\/\/api.w.org\/{rel}","templated":true}]}}