{"id":77086,"date":"2020-02-24T16:50:16","date_gmt":"2020-02-24T21:50:16","guid":{"rendered":"https:\/\/linitiative.ca\/International\/le-senegal-en-avance-pour-la-part-de-leolien-dans-son-mix-energetique\/"},"modified":"2020-02-24T16:50:16","modified_gmt":"2020-02-24T21:50:16","slug":"le-senegal-en-avance-pour-la-part-de-leolien-dans-son-mix-energetique","status":"publish","type":"post","link":"https:\/\/linitiative.ca\/International\/le-senegal-en-avance-pour-la-part-de-leolien-dans-son-mix-energetique\/","title":{"rendered":"Le S\u00e9n\u00e9gal en avance pour la part de l\u2019\u00e9olien dans son mix \u00e9nerg\u00e9tique"},"content":{"rendered":"<div readability=\"32\">\n<p>Publi\u00e9 le 24.02.2020 \u00e0 22h50 par AFP<\/p>\n<\/div>\n<div readability=\"101\">\n<p>L\u2019\u00e9olien devrait repr\u00e9senter plus t\u00f4t que pr\u00e9vu une part significative du mix \u00e9nerg\u00e9tique du S\u00e9n\u00e9gal, avec la production \u00e0 plein r\u00e9gime pr\u00e9vue en mai du premier parc de turbines \u00e0 dimension industrielle du pays, a-t-on appris lundi aupr\u00e8s de l\u2019entreprise qui m\u00e8ne le projet.<\/p>\n<p>Le parc \u00e9olien de Ta\u00efba Ndiaye (ouest), pr\u00e9sent\u00e9 par ses promoteurs comme le plus grand projet du genre en Afrique de l\u2019Ouest, a \u00e9t\u00e9 officiellement inaugur\u00e9 lundi par le pr\u00e9sident s\u00e9n\u00e9galais Macky Sall. En r\u00e9alit\u00e9, 16 \u00e9oliennes injectent d\u00e9j\u00e0 depuis d\u00e9cembre 50 m\u00e9gawatts dans le r\u00e9seau national de la soci\u00e9t\u00e9 nationale d\u2019\u00e9lectricit\u00e9, la Senelec, a-t-on appris aupr\u00e8s de l\u2019entreprise britannique Lekela.<\/p>\n<p>A terme, 158,7 m\u00e9gawatts seront livr\u00e9s par 46 turbines s\u2019\u00e9levant jusqu\u2019\u00e0 180 m\u00e8tres de haut, l\u2019\u00e9quivalent d\u2019un immeuble de 60 \u00e9tages, dans cette zone rurale proche de l\u2019Atlantique.<\/p>\n<p>Or le projet est en avance sur le calendrier \u00ab\u00a0et la totalit\u00e9 des 158 m\u00e9gawatts sera sur le r\u00e9seau au mois de mai\u00a0\u00bb, a affirm\u00e9 dans un message transmis \u00e0 l\u2019AFP le directeur g\u00e9n\u00e9ral de Lekela Senegal, Massaer Ciss\u00e9. En octobre, Lekela se fixait 2020 pour horizon.<\/p>\n<p>Le pr\u00e9sident s\u00e9n\u00e9galais a pr\u00e9sent\u00e9 le parc comme un moyen d\u2019atteindre l\u2019objectif de fournir l\u2019\u00e9lectricit\u00e9 \u00e0 tous dans le pays et de combattre le r\u00e9chauffement climatique.<\/p>\n<p>Ta\u00efba Ndiaye \u00ab\u00a0permettra d\u2019\u00e9viter le rejet de 300.000 tonnes de gaz carbonique par an. Avec la dynamique que nous avons lanc\u00e9e depuis 2014, nous en sommes d\u00e9sormais \u00e0 22% d\u2019\u00e9nergie renouvelable disponible sur l\u2019ensemble de notre r\u00e9seau national\u00a0\u00bb, a-t-il d\u00e9clar\u00e9.<\/p>\n<p>Le parc alimentera avec 450.000 m\u00e9gawattheures par an pr\u00e8s de deux millions de S\u00e9n\u00e9galais, sur une population de 15 millions. M. Sall a \u00e9voqu\u00e9 la possibilit\u00e9 d\u2019un nouveau contrat pour augmenter encore ces capacit\u00e9s.<\/p>\n<p>Le m\u00e9gawattheure correspond \u00e0 la quantit\u00e9 d\u2019\u00e9nergie produite en une heure par un m\u00e9gawatt.<\/p>\n<p>Le d\u00e9veloppement \u00e9nerg\u00e9tique est un chapitre capital du Plan S\u00e9n\u00e9gal Emergent (PSE) \u00e9labor\u00e9 par le pouvoir et qui vise \u00e0 transformer l\u2019\u00e9conomie du pays en croissance pour le mettre sur la voie de l\u2019\u00e9mergence d\u2019ici \u00e0 2025.<\/p>\n<p>Dans un pays o\u00f9 la pauvret\u00e9 affecte environ 40% de la population, la part de ceux qui ont acc\u00e8s \u00e0 l\u2019\u00e9lectricit\u00e9 est chiffr\u00e9e \u00e0 plus de 60%, mais avec une forte disparit\u00e9 aux d\u00e9pens des campagnes. Le pouvoir compte \u00e9largir l\u2019acc\u00e8s \u00e0 une \u00e9lectricit\u00e9 bon march\u00e9, augmenter les capacit\u00e9s de production et r\u00e9\u00e9quilibrer le mix, o\u00f9 le p\u00e9trole et le charbon import\u00e9s pr\u00e9dominent lourdement.<\/p>\n<p>Avec son ensoleillement et plus de 500 km de c\u00f4te, le S\u00e9n\u00e9gal dispose d\u2019un potentiel d\u2019\u00e9nergie propre appr\u00e9ciable. Avec le fonctionnement \u00e0 plein r\u00e9gime de Ta\u00efba Ndiaye, l\u2019\u00e9olien repr\u00e9sentera la moiti\u00e9 de l\u2019\u00e9nergie renouvelable disponible au S\u00e9n\u00e9gal, \u00e0 c\u00f4t\u00e9 du solaire.<\/p>\n<p>Lekela a par ailleurs des projets \u00e9oliens en op\u00e9ration en Afrique du Sud, et \u00e0 diff\u00e9rents stades d\u2019avancement, \u00e9galement en Afrique du Sud en Egypte et au Ghana.<\/p>\n<\/div>\n<p>Auteur: AFP<br \/>\n<a href=\"https:\/\/www.journalducameroun.com\/le-senegal-en-avance-pour-la-part-de-leolien-dans-son-mix-energetique\/\">Cliquez ici pour lire l&rsquo;article depuis sa source.<\/a><\/p>\n","protected":false},"excerpt":{"rendered":"<p>Publi\u00e9 le 24.02.2020 \u00e0 22h50 par AFP L\u2019\u00e9olien devrait repr\u00e9senter plus t\u00f4t que pr\u00e9vu une part significative du mix \u00e9nerg\u00e9tique du S\u00e9n\u00e9gal, avec la production \u00e0 plein r\u00e9gime pr\u00e9vue en mai du premier parc de turbines \u00e0 dimension industrielle du pays, a-t-on appris lundi aupr\u00e8s de l\u2019entreprise qui m\u00e8ne le projet. Le parc \u00e9olien de [&hellip;]<\/p>\n","protected":false},"author":1965,"featured_media":0,"comment_status":"closed","ping_status":"closed","sticky":false,"template":"","format":"standard","meta":{"fifu_image_url":"","fifu_image_alt":"","footnotes":""},"categories":[73,82],"tags":[],"class_list":["post-77086","post","type-post","status-publish","format-standard","hentry","category-actualite","category-cameroun"],"_links":{"self":[{"href":"https:\/\/linitiative.ca\/International\/wp-json\/wp\/v2\/posts\/77086","targetHints":{"allow":["GET"]}}],"collection":[{"href":"https:\/\/linitiative.ca\/International\/wp-json\/wp\/v2\/posts"}],"about":[{"href":"https:\/\/linitiative.ca\/International\/wp-json\/wp\/v2\/types\/post"}],"author":[{"embeddable":true,"href":"https:\/\/linitiative.ca\/International\/wp-json\/wp\/v2\/users\/1965"}],"replies":[{"embeddable":true,"href":"https:\/\/linitiative.ca\/International\/wp-json\/wp\/v2\/comments?post=77086"}],"version-history":[{"count":0,"href":"https:\/\/linitiative.ca\/International\/wp-json\/wp\/v2\/posts\/77086\/revisions"}],"wp:attachment":[{"href":"https:\/\/linitiative.ca\/International\/wp-json\/wp\/v2\/media?parent=77086"}],"wp:term":[{"taxonomy":"category","embeddable":true,"href":"https:\/\/linitiative.ca\/International\/wp-json\/wp\/v2\/categories?post=77086"},{"taxonomy":"post_tag","embeddable":true,"href":"https:\/\/linitiative.ca\/International\/wp-json\/wp\/v2\/tags?post=77086"}],"curies":[{"name":"wp","href":"https:\/\/api.w.org\/{rel}","templated":true}]}}