{"id":77095,"date":"2020-02-24T14:08:22","date_gmt":"2020-02-24T19:08:22","guid":{"rendered":"https:\/\/linitiative.ca\/International\/le-difficile-assainissement-du-secteur\/"},"modified":"2020-02-24T14:08:22","modified_gmt":"2020-02-24T19:08:22","slug":"le-difficile-assainissement-du-secteur","status":"publish","type":"post","link":"https:\/\/linitiative.ca\/International\/le-difficile-assainissement-du-secteur\/","title":{"rendered":"Le difficile assainissement du secteur"},"content":{"rendered":"<p>Sous le parrainage du pr\u00e9sident de la R\u00e9publique du Togo, <strong>Faure Essozimna Gnassingb\u00e9<\/strong>, sept chefs d\u2019Etat africains dont le Congolais <strong>F\u00e9lix Tshisekedi<\/strong>, le Ghan\u00e9en <strong>Nana Akufo Addo<\/strong>, le Nig\u00e9rien <strong>Mahamadou Issoufou<\/strong> et le S\u00e9n\u00e9galais <strong>Macky Sall<\/strong>, ont proc\u00e9d\u00e9 en janvier dernier \u00ab\u00a0L\u2019Initiative de Lom\u00e9\u00a0\u00bb. Il s\u2019agit d\u2019une plateforme de lutte contre la distribution et la commercialisation des produits pharmaceutiques contrefaits. Faure Gnassingb\u00e9 et ses homologues se sont engag\u00e9s \u00e0 une lutte sans merci contre le commerce illicite des m\u00e9dicaments sur le continent.<\/p>\n<p>\u00ab\u00a0Le trafic de produits m\u00e9dicaux de qualit\u00e9 inf\u00e9rieure et falsifi\u00e9s est un scandale humanitaire qui se d\u00e9roule chaque jour. Il touche des millions de personnes, soit indirectement parce que ces m\u00e9dicaments ne soignent pas ceux qui croient se soigner, soit directement parce que les produits utilis\u00e9s tuent \u00bb, a martel\u00e9 le pr\u00e9sident togolais.<\/p>\n<p>Cette rencontre a cependant \u00e9t\u00e9 marqu\u00e9e par un fait majeur\u00a0: aucun dirigeant des pays de la Communaut\u00e9 \u00e9conomique et mon\u00e9taire de l\u2019Afrique centrale (<strong>Cemac<\/strong>) n\u2019\u00e9tait pr\u00e9sent \u00e0 cette rencontre au sommet, alors que le ph\u00e9nom\u00e8ne amplement tous les six pays de la sous-r\u00e9gion que sont le Cameroun, le Congo, le Gabon, la Guin\u00e9e Equatoriale, la R\u00e9publique Centrafricaine et le Tchad.<\/p>\n<p>L\u2019Initiative de Lom\u00e9 concerne au premier chef le Cameroun. <strong>EcoMatin<\/strong> rapportait encore dans ses colonnes l\u2019ann\u00e9e derni\u00e8re qu\u2019entre le 26 juin et le 2 juillet 2019, un peu plus de <strong>410 000 produits pharmaceutiques<\/strong> et alimentaires falsifi\u00e9s avaient \u00e9t\u00e9 saisis dans les villes de Bafoussam, Bamenda et Buea par l\u2019op\u00e9ration\u00a0<strong>Halcomi (Halte au commerce illicite<\/strong>), lanc\u00e9e il y a quelques ann\u00e9es par la direction g\u00e9n\u00e9rale des Douanes du minist\u00e8re des Finances. Les personnes aupr\u00e8s desquels ces marchandises ont \u00e9t\u00e9 saisies ne poss\u00e9daient d\u2019aucun agr\u00e9ment des autorit\u00e9s leur permettant d\u2019importer des m\u00e9dicaments sur le territoire camerounais.<\/p>\n<p>Pas plus tard qu\u2019en fin d\u00e9cembre dernier, une autre cargaison de <strong>324 cartons de m\u00e9dicaments contrefaits<\/strong> a \u00e9t\u00e9 saisie dans la localit\u00e9 de Betar\u00e9 Oya, \u00e0 l\u2019Est du pays. Partie de Douala, elle \u00e9tait transport\u00e9e dans un camion \u00e0 destination de Garoua, dans la r\u00e9gion du Nord. Rappelons-nous aussi qu\u2019en 2016, Halcomi avait proc\u00e9d\u00e9 \u00e0 une saisie in\u00e9dite de <strong>4 tonnes de m\u00e9dicaments<\/strong> d\u2019origine douteuse au march\u00e9 central de Yaound\u00e9. Beaucoup de personnes au sein de l\u2019opinion pensent aujourd\u2019hui que c\u2019est davantage sur cet espace marchand devenu la plaque tournante de la vente des m\u00e9dicaments contrefaits ou de contrebande qu\u2019il faudrait axer la lutte.<\/p>\n<p>Selon les chiffres officiels, pr\u00e8s de 10% des m\u00e9dicaments vendus dans le monde sont faux. L\u2019Afrique est pr\u00e9sent\u00e9e comme le continent le plus touch\u00e9 par ce ph\u00e9nom\u00e8ne. Elle importe pr\u00e8s de 90 % de ses produits pharmaceutiques, ce qui la rend particuli\u00e8rement vuln\u00e9rable.<\/p>\n<p><strong>\u00a0<\/strong><\/p>\n<div class=\"sharedaddy sd-sharing-enabled robots-nocontent sd-block sd-social sd-social-icon-text sd-sharing\">\n<h3 class=\"sd-title\">Partager\u00a0:<\/h3>\n<\/div>\n<p><h3 class=\"jp-relatedposts-headline\"><em>Articles similaires<\/em><\/h3>\n<\/p>\n<p>Auteur: Serges Bontsebe<br \/>\n<a href=\"https:\/\/ecomatin.net\/le-difficile-assainissement-du-secteur\/\">Cliquez ici pour lire l&rsquo;article depuis sa source.<\/a><\/p>\n","protected":false},"excerpt":{"rendered":"<p>Sous le parrainage du pr\u00e9sident de la R\u00e9publique du Togo, Faure Essozimna Gnassingb\u00e9, sept chefs d\u2019Etat africains dont le Congolais F\u00e9lix Tshisekedi, le Ghan\u00e9en Nana Akufo Addo, le Nig\u00e9rien Mahamadou Issoufou et le S\u00e9n\u00e9galais Macky Sall, ont proc\u00e9d\u00e9 en janvier dernier \u00ab\u00a0L\u2019Initiative de Lom\u00e9\u00a0\u00bb. Il s\u2019agit d\u2019une plateforme de lutte contre la distribution et la [&hellip;]<\/p>\n","protected":false},"author":1969,"featured_media":0,"comment_status":"closed","ping_status":"closed","sticky":false,"template":"","format":"standard","meta":{"fifu_image_url":"","fifu_image_alt":"","footnotes":""},"categories":[82,78],"tags":[],"class_list":["post-77095","post","type-post","status-publish","format-standard","hentry","category-cameroun","category-economie"],"_links":{"self":[{"href":"https:\/\/linitiative.ca\/International\/wp-json\/wp\/v2\/posts\/77095","targetHints":{"allow":["GET"]}}],"collection":[{"href":"https:\/\/linitiative.ca\/International\/wp-json\/wp\/v2\/posts"}],"about":[{"href":"https:\/\/linitiative.ca\/International\/wp-json\/wp\/v2\/types\/post"}],"author":[{"embeddable":true,"href":"https:\/\/linitiative.ca\/International\/wp-json\/wp\/v2\/users\/1969"}],"replies":[{"embeddable":true,"href":"https:\/\/linitiative.ca\/International\/wp-json\/wp\/v2\/comments?post=77095"}],"version-history":[{"count":0,"href":"https:\/\/linitiative.ca\/International\/wp-json\/wp\/v2\/posts\/77095\/revisions"}],"wp:attachment":[{"href":"https:\/\/linitiative.ca\/International\/wp-json\/wp\/v2\/media?parent=77095"}],"wp:term":[{"taxonomy":"category","embeddable":true,"href":"https:\/\/linitiative.ca\/International\/wp-json\/wp\/v2\/categories?post=77095"},{"taxonomy":"post_tag","embeddable":true,"href":"https:\/\/linitiative.ca\/International\/wp-json\/wp\/v2\/tags?post=77095"}],"curies":[{"name":"wp","href":"https:\/\/api.w.org\/{rel}","templated":true}]}}