{"id":77096,"date":"2020-02-24T14:13:43","date_gmt":"2020-02-24T19:13:43","guid":{"rendered":"https:\/\/linitiative.ca\/International\/22-milliards-de-fcfa-recuperes-dans-des-comptes-fictifs\/"},"modified":"2020-02-24T14:13:43","modified_gmt":"2020-02-24T19:13:43","slug":"22-milliards-de-fcfa-recuperes-dans-des-comptes-fictifs","status":"publish","type":"post","link":"https:\/\/linitiative.ca\/International\/22-milliards-de-fcfa-recuperes-dans-des-comptes-fictifs\/","title":{"rendered":"22 milliards de FCFA r\u00e9cup\u00e9r\u00e9s dans des comptes fictifs"},"content":{"rendered":"<div class=\"featured-area featured-area-inner\"><img loading=\"lazy\" decoding=\"async\" width=\"780\" height=\"405\" src=\"https:\/\/i0.wp.com\/ecomatin.net\/wp-content\/uploads\/2018\/10\/ecomatin.net-financement-peril-sur-les-micro-finances-anglophones-guichet-banque-3.jpg?resize=780%2C405&#038;ssl=1&#038;is-pending-load=1\" class=\"attachment-jannah-image-post size-jannah-image-post wp-post-image jetpack-lazy-image\" alt=\"\" srcset=\"data:image\/gif;base64,R0lGODlhAQABAIAAAAAAAP\/\/\/yH5BAEAAAAALAAAAAABAAEAAAIBRAA7\"\/><\/div>\n<div class=\"entry-content entry clearfix\" readability=\"58.1116121759\">\n<p><em>\u00ab\u2009L\u2019audit des comptes des d\u00e9c\u00e9d\u00e9s dans les banques et les microfinances a permis d\u2019identifier une somme de 21,8 milliards de FCFA vir\u00e9s apr\u00e8s le d\u00e9c\u00e8s, laquelle devra \u00eatre recouvr\u00e9e en 2020 \u00bb,<\/em>\u00a0a d\u00e9clar\u00e9\u00a0<strong>Gilbert Didier Edoa<\/strong>. Le secr\u00e9taire g\u00e9n\u00e9ral du minist\u00e8re des Finances (Minfi)\u00a0a fait cette r\u00e9v\u00e9lation au sujet de l\u2019op\u00e9ration de comptage physique du personnel de l\u2019\u00c9tat (<strong>Coppe<\/strong>), lanc\u00e9e en 2018. C\u2019\u00e9tait au cours de la Conf\u00e9rence annuelle de l\u2019ensemble de services du minist\u00e8re des Finances, tenue les 30 et 31 janvier \u00e0 Yaound\u00e9.<\/p>\n<p>Cette d\u00e9couverte intervient \u00e0 la suite de la suppression de\u00a0<strong>10\u2009000 agents publics fictifs<\/strong>\u00a0sur le fichier solde de l\u2019\u00c9tat pour une \u00e9conomie budg\u00e9taire annuelle d\u2019environ\u00a0<strong>30 milliards de FCFA\u00a0<\/strong>en 2019.<\/p>\n<p>Pour rappel, le lancement du Coppe par l\u2019Etat en 2010 a permis d\u2019extirper du fichier solde des personnes qui y \u00e9margeaient ill\u00e9galement. Mais aussi, d\u2019apurer le fichier des pensionn\u00e9s, notamment en extrayant les d\u00e9c\u00e9d\u00e9s dont les virements n\u2019avaient pas \u00e9t\u00e9 suspendus. Le but de rationaliser la masse salariale de l\u2019Etat qui tourne actuellement autour de\u00a0<strong>1 000 milliards FCFA<\/strong>\u00a0sans pr\u00e9cision sur le nombre exact de fonctionnaires.<\/p>\n<p>En juillet 2018, cette op\u00e9ration a permis de rep\u00e9rer environ\u00a0<strong>44 000 fonctionnaires<\/strong>\u00a0imaginaires ou d\u00e9c\u00e9d\u00e9s et dont les salaires \u00e9taient per\u00e7us par des tiers. \u00c0 l\u2019\u00e9poque, la masse salariale tournait autour de pratiquement\u00a0<strong>1 000 milliards de FCFA<\/strong>\u00a0pour environ <strong>310\u2009000 employ\u00e9s<\/strong>. Cette masse salariale repr\u00e9sente\u00a0<strong>35,6%<\/strong>\u00a0des recettes fiscales, un taux au-dessus du ratio de la zone Cemac.<\/p>\n<div class=\"sharedaddy sd-sharing-enabled robots-nocontent sd-block sd-social sd-social-icon-text sd-sharing\">\n<h3 class=\"sd-title\">Partager\u00a0:<\/h3>\n<\/div>\n<p><h3 class=\"jp-relatedposts-headline\"><em>Articles similaires<\/em><\/h3>\n<\/p>\n<\/div>\n<div class=\"toggle-post-content clearfix\"><a id=\"toggle-post-button\" class=\"button\" href=\"#\">Afficher plus <\/a><\/div>\n<p>Auteur: Serges Bontsebe<br \/>\n<a href=\"https:\/\/ecomatin.net\/22-milliards-de-fcfa-recuperes-dans-des-comptes-fictifs\/\">Cliquez ici pour lire l&rsquo;article depuis sa source.<\/a><\/p>\n","protected":false},"excerpt":{"rendered":"<p>\u00ab\u2009L\u2019audit des comptes des d\u00e9c\u00e9d\u00e9s dans les banques et les microfinances a permis d\u2019identifier une somme de 21,8 milliards de FCFA vir\u00e9s apr\u00e8s le d\u00e9c\u00e8s, laquelle devra \u00eatre recouvr\u00e9e en 2020 \u00bb,\u00a0a d\u00e9clar\u00e9\u00a0Gilbert Didier Edoa. Le secr\u00e9taire g\u00e9n\u00e9ral du minist\u00e8re des Finances (Minfi)\u00a0a fait cette r\u00e9v\u00e9lation au sujet de l\u2019op\u00e9ration de comptage physique du personnel [&hellip;]<\/p>\n","protected":false},"author":1969,"featured_media":0,"comment_status":"closed","ping_status":"closed","sticky":false,"template":"","format":"standard","meta":{"fifu_image_url":"","fifu_image_alt":"","footnotes":""},"categories":[82,78],"tags":[],"class_list":["post-77096","post","type-post","status-publish","format-standard","hentry","category-cameroun","category-economie"],"_links":{"self":[{"href":"https:\/\/linitiative.ca\/International\/wp-json\/wp\/v2\/posts\/77096","targetHints":{"allow":["GET"]}}],"collection":[{"href":"https:\/\/linitiative.ca\/International\/wp-json\/wp\/v2\/posts"}],"about":[{"href":"https:\/\/linitiative.ca\/International\/wp-json\/wp\/v2\/types\/post"}],"author":[{"embeddable":true,"href":"https:\/\/linitiative.ca\/International\/wp-json\/wp\/v2\/users\/1969"}],"replies":[{"embeddable":true,"href":"https:\/\/linitiative.ca\/International\/wp-json\/wp\/v2\/comments?post=77096"}],"version-history":[{"count":0,"href":"https:\/\/linitiative.ca\/International\/wp-json\/wp\/v2\/posts\/77096\/revisions"}],"wp:attachment":[{"href":"https:\/\/linitiative.ca\/International\/wp-json\/wp\/v2\/media?parent=77096"}],"wp:term":[{"taxonomy":"category","embeddable":true,"href":"https:\/\/linitiative.ca\/International\/wp-json\/wp\/v2\/categories?post=77096"},{"taxonomy":"post_tag","embeddable":true,"href":"https:\/\/linitiative.ca\/International\/wp-json\/wp\/v2\/tags?post=77096"}],"curies":[{"name":"wp","href":"https:\/\/api.w.org\/{rel}","templated":true}]}}