{"id":77097,"date":"2020-02-24T14:22:34","date_gmt":"2020-02-24T19:22:34","guid":{"rendered":"https:\/\/linitiative.ca\/International\/33-milliards-de-fcfa-pour-la-gestion-durable-de-la-filiere-bois\/"},"modified":"2020-02-24T14:22:34","modified_gmt":"2020-02-24T19:22:34","slug":"33-milliards-de-fcfa-pour-la-gestion-durable-de-la-filiere-bois","status":"publish","type":"post","link":"https:\/\/linitiative.ca\/International\/33-milliards-de-fcfa-pour-la-gestion-durable-de-la-filiere-bois\/","title":{"rendered":"3,3 milliards de FCFA pour la gestion durable de la fili\u00e8re bois"},"content":{"rendered":"<div class=\"featured-area featured-area-inner\" readability=\"7\"><img loading=\"lazy\" decoding=\"async\" width=\"780\" height=\"405\" src=\"https:\/\/i1.wp.com\/ecomatin.net\/wp-content\/uploads\/2019\/01\/ecomatin.net-secteur-bois-preavis-de-greve-generale-des-le-31-janvier-2019-secteur-bois.jpg?resize=780%2C405&#038;ssl=1&#038;is-pending-load=1\" class=\"attachment-jannah-image-post size-jannah-image-post wp-post-image jetpack-lazy-image\" alt=\"\" srcset=\"data:image\/gif;base64,R0lGODlhAQABAIAAAAAAAP\/\/\/yH5BAEAAAAALAAAAAABAAEAAAIBRAA7\"\/> Une station de d\u00e9p\u00f4t de bois au Cameroun<\/div>\n<div class=\"entry-content entry clearfix\" readability=\"53.2129186603\">\n<p>La convention relative \u00e0 ce financement a \u00e9t\u00e9 sign\u00e9e le 3 f\u00e9vrier 2020 entre les deux institutions. Estim\u00e9 \u00e0 5 millions d\u2019euros, soit environ <strong>3,3 milliards de FCFA<\/strong>, cet appui financier permettra d\u2019am\u00e9liorer la qualification professionnelle des acteurs du secteur \u00ab\u00a0for\u00eat et environnement en Afrique centrale\u00a0\u00bb, notamment au Congo, au Gabon, au Cameroun, et en R\u00e9publique d\u00e9mocratique du Congo.<\/p>\n<p>Ledit montant sera r\u00e9parti entre les vingt-trois institutions de formation membres du R\u00e9seau des institutions de formation foresti\u00e8re et environnementale d\u2019Afrique centrale (<strong>Riffeac<\/strong>) et au secteur priv\u00e9 forestier et environnemental.<\/p>\n<p>Les institutions vis\u00e9es proposeront aux sp\u00e9cialistes du secteur des formations sur trois principales composantes en lien avec le projet <strong>Adefac<\/strong> qui s\u2019\u00e9tendra sur cinq ans. Il s\u2019agira d\u2019am\u00e9lioration et p\u00e9renniser le dispositif de formation continue de la fili\u00e8re for\u00eat-bois en Afrique centrale, la structuration et l\u2019actualisation des besoins en formation des milieux professionnels, et la recherche d\u2019un dispositif r\u00e9gional p\u00e9renne et institutionnalis\u00e9 en coh\u00e9rence avec les syst\u00e8mes nationaux.<\/p>\n<p>Il convient de rappeler que l\u2019AFD a auparavant accord\u00e9 une subvention d\u2019environ\u00a0<strong>1 milliard de FCFA\u00a0<\/strong>au Riffeac visant \u00e0 repenser son offre de formation continue au regard des n\u00e9cessit\u00e9s du secteur priv\u00e9 forestier. Le Riffeac est une organisation partenaire de la Commission des for\u00eats d\u2019Afrique centrale.<\/p>\n<div class=\"sharedaddy sd-sharing-enabled robots-nocontent sd-block sd-social sd-social-icon-text sd-sharing\">\n<h3 class=\"sd-title\">Partager\u00a0:<\/h3>\n<\/div>\n<p><h3 class=\"jp-relatedposts-headline\"><em>Articles similaires<\/em><\/h3>\n<\/p>\n<\/div>\n<div class=\"toggle-post-content clearfix\"><a id=\"toggle-post-button\" class=\"button\" href=\"#\">Afficher plus <\/a><\/div>\n<p>Auteur: Serges Bontsebe<br \/>\n<a href=\"https:\/\/ecomatin.net\/33-milliards-de-fcfa-pour-la-gestion-durable-de-la-filiere-bois\/\">Cliquez ici pour lire l&rsquo;article depuis sa source.<\/a><\/p>\n","protected":false},"excerpt":{"rendered":"<p>Une station de d\u00e9p\u00f4t de bois au Cameroun La convention relative \u00e0 ce financement a \u00e9t\u00e9 sign\u00e9e le 3 f\u00e9vrier 2020 entre les deux institutions. Estim\u00e9 \u00e0 5 millions d\u2019euros, soit environ 3,3 milliards de FCFA, cet appui financier permettra d\u2019am\u00e9liorer la qualification professionnelle des acteurs du secteur \u00ab\u00a0for\u00eat et environnement en Afrique centrale\u00a0\u00bb, notamment [&hellip;]<\/p>\n","protected":false},"author":1969,"featured_media":0,"comment_status":"closed","ping_status":"closed","sticky":false,"template":"","format":"standard","meta":{"fifu_image_url":"","fifu_image_alt":"","footnotes":""},"categories":[82,78],"tags":[],"class_list":["post-77097","post","type-post","status-publish","format-standard","hentry","category-cameroun","category-economie"],"_links":{"self":[{"href":"https:\/\/linitiative.ca\/International\/wp-json\/wp\/v2\/posts\/77097","targetHints":{"allow":["GET"]}}],"collection":[{"href":"https:\/\/linitiative.ca\/International\/wp-json\/wp\/v2\/posts"}],"about":[{"href":"https:\/\/linitiative.ca\/International\/wp-json\/wp\/v2\/types\/post"}],"author":[{"embeddable":true,"href":"https:\/\/linitiative.ca\/International\/wp-json\/wp\/v2\/users\/1969"}],"replies":[{"embeddable":true,"href":"https:\/\/linitiative.ca\/International\/wp-json\/wp\/v2\/comments?post=77097"}],"version-history":[{"count":0,"href":"https:\/\/linitiative.ca\/International\/wp-json\/wp\/v2\/posts\/77097\/revisions"}],"wp:attachment":[{"href":"https:\/\/linitiative.ca\/International\/wp-json\/wp\/v2\/media?parent=77097"}],"wp:term":[{"taxonomy":"category","embeddable":true,"href":"https:\/\/linitiative.ca\/International\/wp-json\/wp\/v2\/categories?post=77097"},{"taxonomy":"post_tag","embeddable":true,"href":"https:\/\/linitiative.ca\/International\/wp-json\/wp\/v2\/tags?post=77097"}],"curies":[{"name":"wp","href":"https:\/\/api.w.org\/{rel}","templated":true}]}}