{"id":77098,"date":"2020-02-24T14:39:46","date_gmt":"2020-02-24T19:39:46","guid":{"rendered":"https:\/\/linitiative.ca\/International\/la-societe-huawei-felicitee-pour-son-initiative-ict-competition\/"},"modified":"2020-02-24T14:39:46","modified_gmt":"2020-02-24T19:39:46","slug":"la-societe-huawei-felicitee-pour-son-initiative-ict-competition","status":"publish","type":"post","link":"https:\/\/linitiative.ca\/International\/la-societe-huawei-felicitee-pour-son-initiative-ict-competition\/","title":{"rendered":"La soci\u00e9t\u00e9 Huawei f\u00e9licit\u00e9e pour son initiative \u00ab\u00a0ICT Competition\u00a0\u00bb"},"content":{"rendered":"<div class=\"featured-area featured-area-inner\" readability=\"7\"><img loading=\"lazy\" decoding=\"async\" width=\"500\" height=\"333\" src=\"https:\/\/i0.wp.com\/ecomatin.net\/wp-content\/uploads\/2020\/02\/huw.jpg?resize=500%2C333&#038;ssl=1&#038;is-pending-load=1\" class=\"attachment-jannah-image-post size-jannah-image-post wp-post-image jetpack-lazy-image\" alt=\"\" data-lazy-srcset=\"https:\/\/i0.wp.com\/ecomatin.net\/wp-content\/uploads\/2020\/02\/huw.jpg?w=500&#038;ssl=1 500w, https:\/\/i0.wp.com\/ecomatin.net\/wp-content\/uploads\/2020\/02\/huw.jpg?resize=300%2C200&#038;ssl=1 300w\" data-lazy-sizes=\"(max-width: 500px) 100vw, 500px\" srcset=\"data:image\/gif;base64,R0lGODlhAQABAIAAAAAAAP\/\/\/yH5BAEAAAAALAAAAAABAAEAAAIBRAA7\"\/> Le gouvernement f\u00e9licite Huawei pour ses actions dans la promotion des TIC chez les jeunes<\/div>\n<div class=\"entry-content entry clearfix\" readability=\"54.9441147379\">\n<p class=\"yiv5369692290MsoNormal\">La \u00ab\u2009Huawei ICT Comp\u00e9tition\u2009\u00bb est une aubaine pour la jeunesse camerounaise. C\u2019est sans doute au nom de cette vision des choses que le ministre de l\u2019Enseignement sup\u00e9rieur (<strong>Minesup<\/strong>), <strong>Pr. Jacques Fame Ndongo<\/strong>, par la voix de son repr\u00e9sentant personnel <strong>Marcel Fouda Ndjodo<\/strong>, inspecteur des affaires acad\u00e9miques au Minesup, <em>\u00ab\u00a0f\u00e9licite chaleureusement la soci\u00e9t\u00e9 Huawei pour la finale nationale de<\/em> \u00ab\u00a0Huawei ICT comp\u00e9tition 2020\u00a0\u00bb <em>qui est une nouvelle plate-forme pour les \u00e9tudiants camerounais qui manifestent leurs savoir-faire et leurs comp\u00e9tences en TIC du niveau interuniversitaire jusqu\u2019au niveau mondial hautement appr\u00e9ci\u00e9.\u00a0C\u2019est le premier Jeux universitaire international en TIC au Cameroun\u00a0\u00bb<\/em>.<\/p>\n<p class=\"yiv5369692290MsoNormal\">Selon le r\u00e8glement de la phase finale de cette comp\u00e9tition, les finalistes sont regroup\u00e9s en trios. Il s\u2019agit des 3 meilleurs candidats de chaque institut et formation universitaire en comp\u00e9tition. L\u2019\u00e9quipe gagnante de ce 19 f\u00e9vrier sera en comp\u00e9tition avec d\u2019autres au niveau r\u00e9gional le 15 mars 2020.<\/p>\n<p class=\"yiv5369692290MsoNormal\">Le repr\u00e9sentant du Minesup, a par ailleurs transmis les f\u00e9licitations de l\u2019\u00c9tat du Cameroun aux responsables de cette entreprise pour les investissements r\u00e9alis\u00e9s dans ce cadre en mati\u00e8re de transfert des comp\u00e9tences et des technologies.<\/p>\n<p class=\"yiv5369692290MsoNormal\">Au d\u00e9part, environ 150 \u00e9tudiants camerounais ont pris part \u00e0 ce concours international des comp\u00e9tences en nouvelles technologies de l\u2019information et de la communication(Ntic). Les jeunes comp\u00e9titeurs sont issus des \u00e9tablissements partenaires de la Huawei ICT Academy. Le concours a mis en rivalit\u00e9 les \u00e9tudiants de l\u2019Ecole nationale sup\u00e9rieure des postes, des t\u00e9l\u00e9communications et des TIC, de l\u2019Ecole nationale sup\u00e9rieure polytechnique de Yaound\u00e9, de l\u2019Universit\u00e9 de Douala et de l\u2019Institut universitaire de la C\u00f4te.<\/p>\n<div class=\"sharedaddy sd-sharing-enabled robots-nocontent sd-block sd-social sd-social-icon-text sd-sharing\">\n<h3 class=\"sd-title\">Partager\u00a0:<\/h3>\n<\/div>\n<p><h3 class=\"jp-relatedposts-headline\"><em>Articles similaires<\/em><\/h3>\n<\/p>\n<\/div>\n<div class=\"toggle-post-content clearfix\"><a id=\"toggle-post-button\" class=\"button\" href=\"#\">Afficher plus <\/a><\/div>\n<p>Auteur: Serges Bontsebe<br \/>\n<a href=\"https:\/\/ecomatin.net\/la-societe-huawei-felicitee-pour-son-initiative-ict-competition\/\">Cliquez ici pour lire l&rsquo;article depuis sa source.<\/a><\/p>\n","protected":false},"excerpt":{"rendered":"<p>Le gouvernement f\u00e9licite Huawei pour ses actions dans la promotion des TIC chez les jeunes La \u00ab\u2009Huawei ICT Comp\u00e9tition\u2009\u00bb est une aubaine pour la jeunesse camerounaise. C\u2019est sans doute au nom de cette vision des choses que le ministre de l\u2019Enseignement sup\u00e9rieur (Minesup), Pr. Jacques Fame Ndongo, par la voix de son repr\u00e9sentant personnel Marcel [&hellip;]<\/p>\n","protected":false},"author":1969,"featured_media":0,"comment_status":"closed","ping_status":"closed","sticky":false,"template":"","format":"standard","meta":{"fifu_image_url":"","fifu_image_alt":"","footnotes":""},"categories":[82,78],"tags":[],"class_list":["post-77098","post","type-post","status-publish","format-standard","hentry","category-cameroun","category-economie"],"_links":{"self":[{"href":"https:\/\/linitiative.ca\/International\/wp-json\/wp\/v2\/posts\/77098","targetHints":{"allow":["GET"]}}],"collection":[{"href":"https:\/\/linitiative.ca\/International\/wp-json\/wp\/v2\/posts"}],"about":[{"href":"https:\/\/linitiative.ca\/International\/wp-json\/wp\/v2\/types\/post"}],"author":[{"embeddable":true,"href":"https:\/\/linitiative.ca\/International\/wp-json\/wp\/v2\/users\/1969"}],"replies":[{"embeddable":true,"href":"https:\/\/linitiative.ca\/International\/wp-json\/wp\/v2\/comments?post=77098"}],"version-history":[{"count":0,"href":"https:\/\/linitiative.ca\/International\/wp-json\/wp\/v2\/posts\/77098\/revisions"}],"wp:attachment":[{"href":"https:\/\/linitiative.ca\/International\/wp-json\/wp\/v2\/media?parent=77098"}],"wp:term":[{"taxonomy":"category","embeddable":true,"href":"https:\/\/linitiative.ca\/International\/wp-json\/wp\/v2\/categories?post=77098"},{"taxonomy":"post_tag","embeddable":true,"href":"https:\/\/linitiative.ca\/International\/wp-json\/wp\/v2\/tags?post=77098"}],"curies":[{"name":"wp","href":"https:\/\/api.w.org\/{rel}","templated":true}]}}