{"id":77107,"date":"2020-02-24T15:14:09","date_gmt":"2020-02-24T20:14:09","guid":{"rendered":"https:\/\/linitiative.ca\/International\/2eme-concours-national-dedie-au-canari-flawta-marocain\/"},"modified":"2020-02-24T15:14:09","modified_gmt":"2020-02-24T20:14:09","slug":"2eme-concours-national-dedie-au-canari-flawta-marocain","status":"publish","type":"post","link":"https:\/\/linitiative.ca\/International\/2eme-concours-national-dedie-au-canari-flawta-marocain\/","title":{"rendered":"2\u00e8me Concours National d\u00e9di\u00e9 au \u00ab\u00a0Canari Flawta marocain\u00a0\u00bb"},"content":{"rendered":"<div readability=\"39\">\n<p>Essaouira- La 2\u00e8me \u00e9dition d\u2019un Concours National d\u00e9di\u00e9 au \u00ab\u00a0Canari Flawta marocain\u00a0\u00bb, une comp\u00e9tition visant \u00e0 mettre en avant les caract\u00e9ristiques et les particularit\u00e9s sp\u00e9cifiques \u00e0 cette vari\u00e9t\u00e9 d\u2019oiseaux, a \u00e9t\u00e9 organis\u00e9e, dimanche, \u00e0 l\u2019Espace de Dar Souiri \u00e0 Essaouira.<\/p>\n<\/div>\n<div readability=\"132\">\n<p>Initi\u00e9 par l\u2019Association Ornithologique Mogador-Essaouira (AOME), ce Concours, plac\u00e9 sous l\u2019\u00e9gide de la F\u00e9d\u00e9ration Nationale du Flawta Marocain (FNFM), s\u2019est tenu en collaboration avec l\u2019association Essaouira-Mogador et d\u2019autres partenaires.<\/p>\n<p>Cette comp\u00e9tition s\u2019est fix\u00e9e pour principaux objectifs, notamment de revaloriser le patrimoine ornithologique national, de rassembler les \u00e9leveurs et passionn\u00e9s de canaris de chants, de renforcer les connaissances en ornithologie et de favoriser la pr\u00e9servation de l\u2019environnement.<\/p>\n<p>Cet \u00e9v\u00e9nement a \u00e9t\u00e9 aussi l\u2019occasion de sensibiliser le public quant \u00e0 l\u2019imp\u00e9ratif de pr\u00e9server cette vari\u00e9t\u00e9 de canaris, d\u2019\u0153uvrer \u00e0 la sauvegarde des oiseaux de chant, de veiller \u00e0 la protection des diff\u00e9rentes esp\u00e8ces et races d\u2019oiseaux en g\u00e9n\u00e9ral, de d\u00e9velopper les techniques du chant des oiseaux et de contribuer ainsi \u00e0 la promotion du riche patrimoine ornithologique du Royaume.<\/p>\n<p>Dans une d\u00e9claration \u00e0 la MAP \u00e0 cette occasion, le pr\u00e9sident de l\u2019AOME, Abdelkrim Elasairi, s\u2019est f\u00e9licit\u00e9 de l\u2019organisation \u00e0 Essaouira de ce 2\u00e8me Concours National d\u00e9di\u00e9 au \u00ab\u00a0Canari Flawta Marocain\u00a0\u00bb, qui se veut une comp\u00e9tition finale, apr\u00e8s le Concours organis\u00e9 l\u2019ann\u00e9e derni\u00e8re dans la Cit\u00e9 des Aliz\u00e9s et qui faisait partie des autres comp\u00e9titions qui se tiennent \u00e0 l\u2019\u00e9chelle nationale.<\/p>\n<p>Il a pr\u00e9cis\u00e9 que cette manifestation a connu la participation d\u2019un grand nombre de candidats et d\u2019ornithophiles issus des villes d\u2019Essaouira, de La\u00e2youne, de Safi, d\u2019El Jadida et de Casablanca, sans oublier la pr\u00e9sence d\u2019invit\u00e9s passionn\u00e9s d\u2019autres esp\u00e8ces de canaris et d\u2019oiseaux en provenance de Marrakech et de Rabat.<\/p>\n<p>Et M. Elasairi de souligner que son association \u0153uvre inlassablement en coop\u00e9ration avec la F\u00e9d\u00e9ration Nationale du Flawta Marocain et les diff\u00e9rents partenaires \u00e0 promouvoir le domaine ornithologique \u00e0 l\u2019\u00e9chelle nationale, notamment le volet inh\u00e9rent au \u00ab\u00a0Canari Flawta Marocain\u00a0\u00bb.<\/p>\n<p>Rappelant l\u2019existence de plusieurs vari\u00e9t\u00e9s de canaris de chants reconnus par la Conf\u00e9d\u00e9ration Ornithologique Mondiale (COM), il a fait savoir que l\u2019objectif escompt\u00e9 est que le Canari Flawta Marocain soit lui aussi reconnu par ladite Conf\u00e9d\u00e9ration, relevant que cette \u0153uvre ne peut aboutir sans la f\u00e9d\u00e9ration des efforts et la mobilisation des \u00e9nergies de toutes les parties prenantes.<\/p>\n<p>Pour sa part, le pr\u00e9sident de la F\u00e9d\u00e9ration Nationale du Flawta Marocain, Tarik Soumir, a salu\u00e9 l\u2019organisation d\u2019un tel \u00e9v\u00e9nement pour favoriser la promotion de la richesse du patrimoine ornithologique national, en g\u00e9n\u00e9ral, et la mise en avant des sp\u00e9cificit\u00e9s et de la singularit\u00e9 du Canari Flawta Marocain, en particulier.<\/p>\n<p>Il a estim\u00e9 que ce genre de Concours d\u00e9di\u00e9 \u00e0 cet oiseau chanteur par excellence permet aussi d\u2019accompagner les \u00e9leveurs et passionn\u00e9s, qui font de la sauvegarde de ce patrimoine et de la p\u00e9rennisation des m\u00e9lodies et chants de ces oiseaux leur passion.<\/p>\n<p>Ces comp\u00e9titions offrent \u00e9galement le cadre propice notamment aux jeunes passionn\u00e9s d\u2019entrer en contact avec leurs seniors pour b\u00e9n\u00e9ficier de leurs conseils, exp\u00e9riences et expertises et renforcer ainsi l\u2019am\u00e9lioration de la race de leurs canaris aussi bien au niveau de l\u2019\u00e9levage que sur le plan scientifique et technique en mati\u00e8re de chants, a-t-il conclu.<\/p>\n<p>A l\u2019issue de cette comp\u00e9tition, des coupes, des m\u00e9dailles et des certificats de m\u00e9rite ont \u00e9t\u00e9 remis aux diff\u00e9rents vainqueurs de ce 2\u00e8me Concours National.<\/p>\n<p>Cr\u00e9\u00e9e le 29 avril 2018 \u00e0 Marrakech, la FNFM se fixe pour missions de veiller \u00e0 la protection de l\u2019ensemble des esp\u00e8ces d\u2019oiseaux contre tout ce qui pourra constituer un danger pour leur reproduction et leur \u00e9quilibre biologique, d\u2019encadrer les associations et les \u00e9leveurs d\u2019oiseaux de chants, en g\u00e9n\u00e9ral, et ceux du Canari Flawta marocain, en particulier.<\/p>\n<p>La FNFM, qui dispose d\u2019un comit\u00e9 d\u2019arbitres ayant une grande comp\u00e9tence dans le domaine ornithologique depuis les ann\u00e9es 80, vise aussi \u00e0 promouvoir une v\u00e9ritable culture ornithologique notamment, celle li\u00e9e au Canari Flawta aussi bien au Maroc qu\u2019\u00e0 l\u2019\u00e9tranger, \u00e0 instaurer un climat de coop\u00e9ration et d\u2019entraide entre les associations et clubs membres, \u00e0 promouvoir les valeurs de citoyennet\u00e9 et de respect de l\u2019environnement, et \u00e0 contribuer au d\u00e9veloppement durable et \u00e0 la pr\u00e9servation de l\u2019environnement.<\/p>\n<\/div>\n<p>Auteur: Mohammed KOURSI<br \/>\n<a href=\"http:\/\/www.mapmarrakech.ma\/fr\/2eme-concours-national-dedie-au-canari-flawta-marocain\/\">Cliquez ici pour lire l&rsquo;article depuis sa source.<\/a><\/p>\n","protected":false},"excerpt":{"rendered":"<p>Essaouira- La 2\u00e8me \u00e9dition d\u2019un Concours National d\u00e9di\u00e9 au \u00ab\u00a0Canari Flawta marocain\u00a0\u00bb, une comp\u00e9tition visant \u00e0 mettre en avant les caract\u00e9ristiques et les particularit\u00e9s sp\u00e9cifiques \u00e0 cette vari\u00e9t\u00e9 d\u2019oiseaux, a \u00e9t\u00e9 organis\u00e9e, dimanche, \u00e0 l\u2019Espace de Dar Souiri \u00e0 Essaouira. Initi\u00e9 par l\u2019Association Ornithologique Mogador-Essaouira (AOME), ce Concours, plac\u00e9 sous l\u2019\u00e9gide de la F\u00e9d\u00e9ration Nationale [&hellip;]<\/p>\n","protected":false},"author":1788,"featured_media":0,"comment_status":"closed","ping_status":"closed","sticky":false,"template":"","format":"standard","meta":{"fifu_image_url":"","fifu_image_alt":"","footnotes":""},"categories":[54,76],"tags":[],"class_list":["post-77107","post","type-post","status-publish","format-standard","hentry","category-maroc","category-regions"],"_links":{"self":[{"href":"https:\/\/linitiative.ca\/International\/wp-json\/wp\/v2\/posts\/77107","targetHints":{"allow":["GET"]}}],"collection":[{"href":"https:\/\/linitiative.ca\/International\/wp-json\/wp\/v2\/posts"}],"about":[{"href":"https:\/\/linitiative.ca\/International\/wp-json\/wp\/v2\/types\/post"}],"author":[{"embeddable":true,"href":"https:\/\/linitiative.ca\/International\/wp-json\/wp\/v2\/users\/1788"}],"replies":[{"embeddable":true,"href":"https:\/\/linitiative.ca\/International\/wp-json\/wp\/v2\/comments?post=77107"}],"version-history":[{"count":0,"href":"https:\/\/linitiative.ca\/International\/wp-json\/wp\/v2\/posts\/77107\/revisions"}],"wp:attachment":[{"href":"https:\/\/linitiative.ca\/International\/wp-json\/wp\/v2\/media?parent=77107"}],"wp:term":[{"taxonomy":"category","embeddable":true,"href":"https:\/\/linitiative.ca\/International\/wp-json\/wp\/v2\/categories?post=77107"},{"taxonomy":"post_tag","embeddable":true,"href":"https:\/\/linitiative.ca\/International\/wp-json\/wp\/v2\/tags?post=77107"}],"curies":[{"name":"wp","href":"https:\/\/api.w.org\/{rel}","templated":true}]}}