{"id":77114,"date":"2020-02-24T16:56:54","date_gmt":"2020-02-24T21:56:54","guid":{"rendered":"https:\/\/linitiative.ca\/International\/le-transport-scolaire-a-teghdouine-une-experience-pionniere\/"},"modified":"2020-02-24T16:56:54","modified_gmt":"2020-02-24T21:56:54","slug":"le-transport-scolaire-a-teghdouine-une-experience-pionniere","status":"publish","type":"post","link":"https:\/\/linitiative.ca\/International\/le-transport-scolaire-a-teghdouine-une-experience-pionniere\/","title":{"rendered":"Le transport scolaire \u00e0 Teghdouine, une exp\u00e9rience pionni\u00e8re"},"content":{"rendered":"<div readability=\"36\">\n<p>Commune de Teghdouine (province d\u2019Al Haouz)- Le transport scolaire au niveau de la commune de Teghdouine relevant de la province d\u2019Al Haouz, constitue l\u2019une des exp\u00e9riences pionni\u00e8res de l\u2019Initiative Nationale pour le D\u00e9veloppement Humain (INDH) en mati\u00e8re de promotion de la scolarisation en milieu rural et de lutte contre l\u2019abandon scolaire.<\/p>\n<\/div>\n<div readability=\"87\">\n<p>Ce projet novateur, dont l\u2019INDH a contribu\u00e9 \u00e0 hauteur de 340.000 DH, cible plus de 377 \u00e9l\u00e8ves (filles et gar\u00e7ons) issus de villages et de zones avoisinantes de la commune de Teghdouine.<\/p>\n<p>Dans une d\u00e9claration \u00e0 la MAP, le responsable des affaires communales \u00e0 la Commune de Teghdouine, M. Hassan El Assimi, a fait savoir que cette exp\u00e9rience distingu\u00e9e du service du transport scolaire a contribu\u00e9 de mani\u00e8re remarquable \u00e0 r\u00e9duire le taux de la d\u00e9perdition scolaire et ce, compte tenu de la nature g\u00e9ographique difficile au niveau de la province, notamment l\u2019\u00e9parpillement des villages et des concentrations humaines.<\/p>\n<p>Le transport scolaire au niveau communal est assur\u00e9 par une flotte compos\u00e9e de 5 bus scolaires, dont certains ont \u00e9t\u00e9 acquis dans le cadre de l\u2019INDH, et d\u2019autres par la commune ou le Conseil provincial d\u2019Al Haouz.<\/p>\n<p>De son c\u00f4t\u00e9, le coordonnateur provincial de la ligue provinciale de l\u2019Association des p\u00e8res et tuteurs d\u2019\u00e9l\u00e8ves \u00e0 Al Haouz, M. Hassan Ait Hamou, a mis en avant les r\u00e9sultats positifs des interventions de l\u2019INDH en mati\u00e8re de transport scolaire au niveau de la province et ce, gr\u00e2ce \u00e0 la f\u00e9d\u00e9ration des efforts des Conseils communal et provincial ainsi que des repr\u00e9sentants des associations des parents.<\/p>\n<p>Dans une d\u00e9claration similaire, M. Ait Hamou a relev\u00e9 que le renforcement de la flotte du transport scolaire a permis de r\u00e9soudre une s\u00e9rie de probl\u00e8mes en la mati\u00e8re et de r\u00e9duire donc ostensiblement le taux d\u2019abandon scolaire au niveau du territoire de la commune de Teghdouine, caract\u00e9ris\u00e9e par sa complexit\u00e9 en termes d\u2019accessibilit\u00e9, notant que les \u00e9tudiants et \u00e9tudiantes des zones limitrophes arrivent, d\u00e9sormais, \u00e0 rejoindre leurs salles de classe \u00e0 temps.<\/p>\n<p>Apr\u00e8s avoir soulign\u00e9 que plus de 50% des filles parviennent, actuellement, \u00e0 poursuivre leurs \u00e9tudes gr\u00e2ce au service du transport scolaire, M. Ait Hamou a exprim\u00e9 le voeu de voir l\u2019INDH renforcer davantage ses interventions dans le domaine du transport scolaire \u00ab\u00a0afin de tirer vers le haut le taux de la poursuite des \u00e9tudes chez les enfants des zones montagneuses et recul\u00e9es\u00a0\u00bb.<\/p>\n<p>Le projet du transport scolaire au niveau de la province d\u2019Al Haouz s\u2019inscrit dans le cadre des projets de l\u2019INDH, dont le lancement a \u00e9t\u00e9 donn\u00e9 par Sa Majest\u00e9 le Roi Mohammed VI, le 18 mai 2005 en tant que chantier d\u2019envergure, destin\u00e9 \u00e0 op\u00e9rer un changement du mod\u00e8le d\u2019action sociale et \u00e0 lui ouvrir de nouveaux horizons pour la r\u00e9alisation de la coh\u00e9sion sociale, tout en veillant au d\u00e9veloppement des capacit\u00e9s humaines.<\/p>\n<\/div>\n<p>Auteur: Mohammed KOURSI<br \/>\n<a href=\"http:\/\/www.mapmarrakech.ma\/fr\/le-transport-scolaire-a-teghdouine-une-experience-pionniere-en-milieu-rural\/\">Cliquez ici pour lire l&rsquo;article depuis sa source.<\/a><\/p>\n","protected":false},"excerpt":{"rendered":"<p>Commune de Teghdouine (province d\u2019Al Haouz)- Le transport scolaire au niveau de la commune de Teghdouine relevant de la province d\u2019Al Haouz, constitue l\u2019une des exp\u00e9riences pionni\u00e8res de l\u2019Initiative Nationale pour le D\u00e9veloppement Humain (INDH) en mati\u00e8re de promotion de la scolarisation en milieu rural et de lutte contre l\u2019abandon scolaire. Ce projet novateur, dont [&hellip;]<\/p>\n","protected":false},"author":1788,"featured_media":0,"comment_status":"closed","ping_status":"closed","sticky":false,"template":"","format":"standard","meta":{"fifu_image_url":"","fifu_image_alt":"","footnotes":""},"categories":[54,76],"tags":[],"class_list":["post-77114","post","type-post","status-publish","format-standard","hentry","category-maroc","category-regions"],"_links":{"self":[{"href":"https:\/\/linitiative.ca\/International\/wp-json\/wp\/v2\/posts\/77114","targetHints":{"allow":["GET"]}}],"collection":[{"href":"https:\/\/linitiative.ca\/International\/wp-json\/wp\/v2\/posts"}],"about":[{"href":"https:\/\/linitiative.ca\/International\/wp-json\/wp\/v2\/types\/post"}],"author":[{"embeddable":true,"href":"https:\/\/linitiative.ca\/International\/wp-json\/wp\/v2\/users\/1788"}],"replies":[{"embeddable":true,"href":"https:\/\/linitiative.ca\/International\/wp-json\/wp\/v2\/comments?post=77114"}],"version-history":[{"count":0,"href":"https:\/\/linitiative.ca\/International\/wp-json\/wp\/v2\/posts\/77114\/revisions"}],"wp:attachment":[{"href":"https:\/\/linitiative.ca\/International\/wp-json\/wp\/v2\/media?parent=77114"}],"wp:term":[{"taxonomy":"category","embeddable":true,"href":"https:\/\/linitiative.ca\/International\/wp-json\/wp\/v2\/categories?post=77114"},{"taxonomy":"post_tag","embeddable":true,"href":"https:\/\/linitiative.ca\/International\/wp-json\/wp\/v2\/tags?post=77114"}],"curies":[{"name":"wp","href":"https:\/\/api.w.org\/{rel}","templated":true}]}}