{"id":77123,"date":"2020-02-24T17:10:26","date_gmt":"2020-02-24T22:10:26","guid":{"rendered":"https:\/\/linitiative.ca\/International\/coup-denvoi-de-la-semaine-verte-2020\/"},"modified":"2020-02-24T17:10:26","modified_gmt":"2020-02-24T22:10:26","slug":"coup-denvoi-de-la-semaine-verte-2020","status":"publish","type":"post","link":"https:\/\/linitiative.ca\/International\/coup-denvoi-de-la-semaine-verte-2020\/","title":{"rendered":"Coup d\u2019envoi de la \u00ab\u00a0Semaine Verte 2020\u00a0\u00bb"},"content":{"rendered":"<p>Ce rendez-vous mobilisateur, organis\u00e9 jusqu\u2019au\u00a01er mars prochain,\u00a0en partenariat avec\u00a0le d\u00e9partement de l\u2019Environnement et des Eaux et For\u00eats, et en coop\u00e9ration avec\u00a0le minist\u00e8re de l\u2019Education nationale,\u00a0vise \u00e0 sensibiliser un large public autour d\u2019un sujet\u00a0d\u2019importance nationale et capitale \u00e0 savoir : la r\u00e9alit\u00e9 des for\u00eats, des espaces verts et des cultures\u00a0alimentaires au Maroc.<\/p>\n<p>Cette initiative a pour objectif de consolider la prise de conscience autour de\u00a0la protection des plantes et des arbres, sources pr\u00e9cieuses d\u2019oxyg\u00e8ne, et\u00a0principale composante de la s\u00e9curit\u00e9 hydrique et alimentaire.<\/p>\n<p>Dans le cadre de cet \u00e9v\u00e9nement \u00e9cologique de port\u00e9e nationale, il sera proc\u00e9d\u00e9 au lancement d\u2019une grande campagne de plantation et de\u00a0reboisement dans plus de 25 villes \u00e0 travers le Royaume.<\/p>\n<p>Dans une d\u00e9claration \u00e0 la MAP, le pr\u00e9sident d\u00e9l\u00e9gu\u00e9, charg\u00e9 des affaires financi\u00e8res et administratives de l\u2019AESVT, Boujema\u00e2 Belhend, a indiqu\u00e9 que le choix de Marrakech pour proc\u00e9der au lancement officiel de cet \u00e9v\u00e9nement grandiose, s\u2019explique par la dynamique que connait la ville et l\u2019importance primordiale qu\u2019elle ne cesse d\u2019accorder \u00e0 la question environnementale, rappelant que la cit\u00e9 ocre a abrit\u00e9 l\u2019une des plus grandes manifestations internationales en la mati\u00e8re, \u00e0 savoir la COP22.<\/p>\n<p>La semaine verte dans sa premi\u00e8re \u00e9dition, deviendra une tradition annuelle, dans la perspective de la r\u00e9alisation des Objectifs du D\u00e9veloppement Durable (ODD), a-t-il soulign\u00e9, notant que cette campagne se fixe pour objectif principal de lutter contre les effets des changements climatiques et de mobiliser la soci\u00e9t\u00e9 civile pour conserver les for\u00eats et les espaces verts et mettre, ainsi, fin \u00e0 leur d\u00e9gradation.<\/p>\n<p>Cette semaine conna\u00eetra l\u2019organisation d\u2019une s\u00e9rie d\u2019activit\u00e9s de sensibilisation au sein des \u00e9tablissements scolaires encadr\u00e9es par des experts, outre la plantation de 40 arbres dans chaque \u00e9tablissement, ainsi que la mise \u00e0 niveau des espaces verts au niveau de plusieurs quartiers de la ville, a-t-il ajout\u00e9.<\/p>\n<p>Pour sa part, le pr\u00e9sident de l\u2019AEVST, section Marrakech, Abdelghani Rochdi, a relev\u00e9 que cette semaine concernera 25 villes du Royaume et sera marqu\u00e9e par la plantation de plus de 10.000 arbres.<\/p>\n<p>Cette action qui consolide la prise de conscience autour de l\u2019imp\u00e9ratif de la protection de l\u2019environnement et l\u2019adoption d\u2019un comportement sain et responsable envers la nature, touchera toute la r\u00e9gion Marrakech-Safi, avec la plantation de 500 arbres \u00e0 Al Haouz et \u00e0 El Kel\u00e2a des Sraghna, a-t-il expliqu\u00e9.<\/p>\n<p>De son c\u00f4t\u00e9, le directeur r\u00e9gional de l\u2019environnement dans la r\u00e9gion Marrakech-Safi,\u00a0 Noureddine Brine, a fait savoirque le d\u00e9partement de l\u2019environnement consid\u00e8re l\u2019AESVT comme \u00e9tant \u00ab\u00a0un partenaire strat\u00e9gique\u00a0\u00bb en mati\u00e8re de protection de l\u2019environnement et de r\u00e9alisation du d\u00e9veloppement durable.<\/p>\n<p>Le d\u00e9partement de l\u2019environnement appuie cette initiative ainsi que l\u2019ensemble des projets relatifs \u00e0 l\u2019\u00e9ducation \u00e0 l\u2019environnement, a-t-il insist\u00e9, notant que ces activit\u00e9s s\u2019inscrivent dans le cadre de la strat\u00e9gie nationale de l\u2019environnement et du d\u00e9veloppement durable.<\/p>\n<p>Pour le directeur r\u00e9gional\u00a0des Eaux et For\u00eats et de lutte contre la d\u00e9sertification du grand Atlas, Rachid Amezian, la soci\u00e9t\u00e9 civile se veut un acteur indispensable pour la mise en oeuvre des programmes relatifs \u00e0 l\u2019environnement et la mobilisation au niveau national.<\/p>\n<p>La direction des Eaux et For\u00eats est fortement engag\u00e9e dans ce genre initiatives, en pla\u00e7ant la protection de l\u2019h\u00e9ritage forestier au centre de ses priorit\u00e9s, a-t-il dit, appelant au renforcement des partenariats entre la soci\u00e9t\u00e9 civile et les diff\u00e9rents d\u00e9partements.<\/p>\n<p>Cette semaine de mobilisation\u00a0comprendra des activit\u00e9s de sensibilisation et des conf\u00e9rences scientifiques ax\u00e9es, notamment\u00a0sur le r\u00f4le des for\u00eats et des espaces verts sur\u00a0les plans \u00e9conomique, social et environnemental, la s\u00e9curit\u00e9 alimentaire et l\u2019agriculture\u00a0biologique.<\/p>\n<p>Au programme figurent \u00e9galement, des actions de plantation et de reboisement dans divers\u00a0lieux : for\u00eats, espaces urbains, \u00e9tablissements scolaires, universit\u00e9s\u2026 L\u2019\u00e9v\u00e9nement devra prendre fin, le\u00a0dimanche 1er mars prochain, avec une marche sportive en plein air.<\/p>\n<p>Ces sept jours d\u2019actions font partie d\u2019un programme national constitu\u00e9 de cinq semaines\u00a0th\u00e9matiques de mobilisation \u00e9cocitoyenne.<\/p>\n<p>Ainsi, outre la Semaine verte de\u00a0plantation, l\u2019AESVT-Maroc et ses partenaires pr\u00e9voient de mettre en place \u00ab\u00a0la Semaine\u00a0Habitat de l\u2019am\u00e9nagement et de l\u2019urbanisme durable\u00a0\u00bb en mars prochain, \u00ab\u00a0la Semaine mobilit\u00e9 durable\u00a0\u00bb en\u00a0mai prochain, \u00ab\u00a0la Semaine Bleue des oc\u00e9ans et de l\u2019eau douce\u00a0\u00bb en juin prochain et enfin, \u00ab\u00a0la Semaine climat pour les\u00a0jeunes\u00a0\u00bb en septembre prochain.<\/p>\n<p>Le programme s\u2019inscrit dans le cadre du plan d\u2019action 2020-2030 de l\u2019AESVT- Maroc et sera mis en oeuvre dans de nombreuses villes : Tanger, Al Hoceima, T\u00e9touan,\u00a0Nador, Larache, Chefchaouen, Ouazzane, Mekn\u00e8s, F\u00e8s, Kenitra, Kh\u00e9misset, Mohammedia,\u00a0Casablanca, Benslimane, Safi, Marrakech, Essaouira, Al-Haouz, Tinghir, Beni-Mellal, Demnate,\u00a0Kh\u00e9nifra, Agadir, Inezgane, Guelmim et Assa-Zag.<\/p>\n<p>Les d\u00e9fis environnementaux que vivent nos villes et nos campagnes sont aujourd\u2019hui croissants\u00a0et pr\u00e9occupants, dans diff\u00e9rents domaines : urbanisation, habitat, espaces verts, \u00e9nergie,\u00a0transport, littoral, climat\u2026 L\u2019enjeu est d\u2019agir pour augmenter la qualit\u00e9 de vie des citoyens et leur\u00a0pouvoir d\u2019achat, am\u00e9liorer la sant\u00e9 publique et pr\u00e9server les ressources naturelles, explique \u00e0 ce sujet l\u2019AESVT- Maroc.<\/p>\n<p>La prise de\u00a0conscience collective et le d\u00e9veloppement du comportement civique des citoyens, exigent des\u00a0diff\u00e9rents acteurs institutionnels, associatifs et m\u00e9diatiques, un vaste travail de sensibilisation et\u00a0l\u2019ouverture de d\u00e9bats structur\u00e9s, sur les strat\u00e9gies, programmes de l\u2019Etat et des territoires, en vue\u00a0de proposer des solutions et des alternatives r\u00e9alisables, tient \u00e0 pr\u00e9ciser l\u2019AESVT- Maroc.<\/p>\n<p>Et de conclure que les actions concr\u00e8tes sur le terrain\u00a0sont \u00e9galement essentielles, \u00e0 travers des programmes de mobilisation nationale de longue\u00a0dur\u00e9e, faisant intervenir aussi bien des acteurs locaux que nationaux.<\/p>\n<p>Auteur: Mohammed KOURSI<br \/>\n<a href=\"http:\/\/www.mapmarrakech.ma\/fr\/coup-denvoi-de-la-semaine-verte-2020\/\">Cliquez ici pour lire l&rsquo;article depuis sa source.<\/a><\/p>\n","protected":false},"excerpt":{"rendered":"<p>Ce rendez-vous mobilisateur, organis\u00e9 jusqu\u2019au\u00a01er mars prochain,\u00a0en partenariat avec\u00a0le d\u00e9partement de l\u2019Environnement et des Eaux et For\u00eats, et en coop\u00e9ration avec\u00a0le minist\u00e8re de l\u2019Education nationale,\u00a0vise \u00e0 sensibiliser un large public autour d\u2019un sujet\u00a0d\u2019importance nationale et capitale \u00e0 savoir : la r\u00e9alit\u00e9 des for\u00eats, des espaces verts et des cultures\u00a0alimentaires au Maroc. Cette initiative a pour [&hellip;]<\/p>\n","protected":false},"author":1788,"featured_media":0,"comment_status":"closed","ping_status":"closed","sticky":false,"template":"","format":"standard","meta":{"fifu_image_url":"","fifu_image_alt":"","footnotes":""},"categories":[54,76],"tags":[],"class_list":["post-77123","post","type-post","status-publish","format-standard","hentry","category-maroc","category-regions"],"_links":{"self":[{"href":"https:\/\/linitiative.ca\/International\/wp-json\/wp\/v2\/posts\/77123","targetHints":{"allow":["GET"]}}],"collection":[{"href":"https:\/\/linitiative.ca\/International\/wp-json\/wp\/v2\/posts"}],"about":[{"href":"https:\/\/linitiative.ca\/International\/wp-json\/wp\/v2\/types\/post"}],"author":[{"embeddable":true,"href":"https:\/\/linitiative.ca\/International\/wp-json\/wp\/v2\/users\/1788"}],"replies":[{"embeddable":true,"href":"https:\/\/linitiative.ca\/International\/wp-json\/wp\/v2\/comments?post=77123"}],"version-history":[{"count":0,"href":"https:\/\/linitiative.ca\/International\/wp-json\/wp\/v2\/posts\/77123\/revisions"}],"wp:attachment":[{"href":"https:\/\/linitiative.ca\/International\/wp-json\/wp\/v2\/media?parent=77123"}],"wp:term":[{"taxonomy":"category","embeddable":true,"href":"https:\/\/linitiative.ca\/International\/wp-json\/wp\/v2\/categories?post=77123"},{"taxonomy":"post_tag","embeddable":true,"href":"https:\/\/linitiative.ca\/International\/wp-json\/wp\/v2\/tags?post=77123"}],"curies":[{"name":"wp","href":"https:\/\/api.w.org\/{rel}","templated":true}]}}