{"id":77283,"date":"2020-02-26T07:51:27","date_gmt":"2020-02-26T12:51:27","guid":{"rendered":"https:\/\/linitiative.ca\/International\/basket-ball-la-nba-sinvite-en-afrique\/"},"modified":"2020-02-26T07:51:27","modified_gmt":"2020-02-26T12:51:27","slug":"basket-ball-la-nba-sinvite-en-afrique","status":"publish","type":"post","link":"https:\/\/linitiative.ca\/International\/basket-ball-la-nba-sinvite-en-afrique\/","title":{"rendered":"Basket-ball : La NBA s\u2019invite en Afrique"},"content":{"rendered":"<header>\n<div class=\"entry-post-meta\">\n<div class=\"author-link\">Publi\u00e9 par <a itemprop=\"author\" itemscope=\"\" itemtype=\"https:\/\/schema.org\/Person\" href=\"http:\/\/aujourdhui.ma\/profile\/kaid\" rel=\"author\"><span itemprop=\"name\">ALM<\/span><\/a><\/div>\n<p>Date\u00a0:<time content=\"2020-02-26T13:51:27+00:00\" class=\"entry-date updated\" datetime=\"2020-02-26T13:51:27+00:00\">f\u00e9vrier 26, 2020<\/time><\/p>\n<div class=\"entry-cat\">dans:<a href=\"http:\/\/aujourdhui.ma\/category\/sports\" rel=\"category tag\">Sports<\/a><\/div>\n<p>0 Vues<\/p>\n<\/div>\n<\/header>\n<div class=\"entry-content clearfix\" readability=\"59\"><img decoding=\"async\" class=\"post_layout_5_img\" src=\"http:\/\/aujourdhui.ma\/wp-content\/uploads\/2020\/02\/basket-ball.jpg?x29840\" alt=\"Basket-ball : La NBA s\u2019invite en Afrique\"\/><\/p>\n<p class=\"p1\"><span class=\"s1\"><span class=\"c4\"><strong>La Basket-ball Africa League tiendra aujourd\u2019hui \u00e0 Casablanca une conf\u00e9rence de presse pour jeter la lumi\u00e8re sur la NBA Africa, un championnat de basket professionnel qui sera bient\u00f4t lanc\u00e9 sur le continent africain.<\/strong><\/span><\/span><span id=\"more-334616\"\/><\/p>\n<p class=\"p1\"><span class=\"s1\">Cette conf\u00e9rence autour de la NBA Africa, qui sera lanc\u00e9e le 13 mars prochain \u00e0 Dakar, vise \u00e0 \u00e9changer autour des perspectives \u00e9conomiques de ce championnat professionnel africain pour l\u2019Afrique et le Maroc en particulier, ont indiqu\u00e9 les organisateurs dans un communiqu\u00e9. Le tournoi, qui comprend 12 \u00e9quipes dont l\u2019Association sportive de Sal\u00e9, marque la premi\u00e8re participation de la toute puissante NBA \u00e0 un championnat hors d\u2019Am\u00e9rique du Nord, et ce en collaboration avec la F\u00e9d\u00e9ration internationale de basket (Fiba), pr\u00e9cise le communiqu\u00e9.<\/span><\/p>\n<p class=\"p1\"><span class=\"s1\">Six villes accueilleront les matches de la saison r\u00e9guli\u00e8re, \u00e0 savoir Le Caire, Dakar, Lagos, Luanda, Rabat et Monastir, a ajout\u00e9 la m\u00eame source, notant que la \u00abFinal Four\u00bb (demi-finales \u00e0 \u00e9limination directe et finale) est pr\u00e9vue \u00e0 Kigali, la capitale rwandaise.<\/span><\/p>\n<\/div>\n<p>Auteur: ALM<br \/>\n<a href=\"http:\/\/aujourdhui.ma\/sports\/basket-ball-la-nba-sinvite-en-afrique\">Cliquez ici pour lire l&rsquo;article depuis sa source.<\/a><\/p>\n","protected":false},"excerpt":{"rendered":"<p>Publi\u00e9 par ALM Date\u00a0:f\u00e9vrier 26, 2020 dans:Sports 0 Vues La Basket-ball Africa League tiendra aujourd\u2019hui \u00e0 Casablanca une conf\u00e9rence de presse pour jeter la lumi\u00e8re sur la NBA Africa, un championnat de basket professionnel qui sera bient\u00f4t lanc\u00e9 sur le continent africain. Cette conf\u00e9rence autour de la NBA Africa, qui sera lanc\u00e9e le 13 mars [&hellip;]<\/p>\n","protected":false},"author":1759,"featured_media":0,"comment_status":"closed","ping_status":"closed","sticky":false,"template":"","format":"standard","meta":{"fifu_image_url":"","fifu_image_alt":"","footnotes":""},"categories":[73,54],"tags":[],"class_list":["post-77283","post","type-post","status-publish","format-standard","hentry","category-actualite","category-maroc"],"_links":{"self":[{"href":"https:\/\/linitiative.ca\/International\/wp-json\/wp\/v2\/posts\/77283","targetHints":{"allow":["GET"]}}],"collection":[{"href":"https:\/\/linitiative.ca\/International\/wp-json\/wp\/v2\/posts"}],"about":[{"href":"https:\/\/linitiative.ca\/International\/wp-json\/wp\/v2\/types\/post"}],"author":[{"embeddable":true,"href":"https:\/\/linitiative.ca\/International\/wp-json\/wp\/v2\/users\/1759"}],"replies":[{"embeddable":true,"href":"https:\/\/linitiative.ca\/International\/wp-json\/wp\/v2\/comments?post=77283"}],"version-history":[{"count":0,"href":"https:\/\/linitiative.ca\/International\/wp-json\/wp\/v2\/posts\/77283\/revisions"}],"wp:attachment":[{"href":"https:\/\/linitiative.ca\/International\/wp-json\/wp\/v2\/media?parent=77283"}],"wp:term":[{"taxonomy":"category","embeddable":true,"href":"https:\/\/linitiative.ca\/International\/wp-json\/wp\/v2\/categories?post=77283"},{"taxonomy":"post_tag","embeddable":true,"href":"https:\/\/linitiative.ca\/International\/wp-json\/wp\/v2\/tags?post=77283"}],"curies":[{"name":"wp","href":"https:\/\/api.w.org\/{rel}","templated":true}]}}