{"id":77285,"date":"2020-02-26T08:30:46","date_gmt":"2020-02-26T13:30:46","guid":{"rendered":"https:\/\/linitiative.ca\/International\/formule-electrique-marrakech-e-prix-2020-ce-samedi-sur-le-circuit-moulay-el-hassan\/"},"modified":"2020-02-26T08:30:46","modified_gmt":"2020-02-26T13:30:46","slug":"formule-electrique-marrakech-e-prix-2020-ce-samedi-sur-le-circuit-moulay-el-hassan","status":"publish","type":"post","link":"https:\/\/linitiative.ca\/International\/formule-electrique-marrakech-e-prix-2020-ce-samedi-sur-le-circuit-moulay-el-hassan\/","title":{"rendered":"Formule \u00e9lectrique : \u00abMarrakech E-Prix 2020\u00bb ce samedi sur le Circuit Moulay El Hassan"},"content":{"rendered":"<header>\n<\/header>\n<div class=\"entry-content clearfix\" readability=\"67\"><img decoding=\"async\" class=\"post_layout_5_img\" src=\"http:\/\/aujourdhui.ma\/wp-content\/uploads\/2020\/02\/Formule-e%CC%81lectrique-Marrakech-E-Prix-2020.jpg?x29840\" alt=\"Formule \u00e9lectrique : \u00abMarrakech E-Prix 2020\u00bb ce samedi sur le Circuit Moulay El Hassan\"\/><\/p>\n<p class=\"p1\"><span class=\"s1\"><span class=\"c4\"><strong>La 5\u00e8 manche du Championnat 2020 ABB- FIA, de la Formule \u00e9lectrique (Formule E), baptis\u00e9e \u00abMarrakech E-Prix 2020\u00bb qui met en sc\u00e8ne des courses disput\u00e9es au volant de voitures enti\u00e8rement \u00e9lectriques, aura lieu le 29 f\u00e9vrier sur le Circuit Moulay El Hassan de la cit\u00e9 ocre.<\/strong><\/span><\/span> <span id=\"more-334628\"\/><\/p>\n<p class=\"p1\"><span class=\"s1\">Plac\u00e9 sous le Haut patronage de Sa Majest\u00e9 le Roi Mohammed VI, <em>\u00able Marrakech E- Prix se tiendra avec pas moins de quatre vainqueurs diff\u00e9rents depuis le d\u00e9but de cette saison\u00bb<\/em>, indique un communiqu\u00e9 des organisateurs.<\/span><\/p>\n<p class=\"p1\"><span class=\"s1\">\u00abLe Marrakech E-Prix\u00bb propose ainsi une journ\u00e9e de course bien charg\u00e9e, comprenant une s\u00e9ance d\u2019essais, suivie des qualifications et de la course proprement dite.<\/span><\/p>\n<p class=\"p1\"><span class=\"s1\">Les organisateurs ont am\u00e9nag\u00e9 une fan-zone, situ\u00e9e dans l\u2019enceinte de l\u2019Allianz E-Village, qui permettra aux spectateurs de rencontrer leurs pilotes pr\u00e9f\u00e9r\u00e9s lors de la s\u00e9ance d\u2019autographes et de prendre des selfies pour immortaliser ces moments avant la course. La Formule E est devenue au fil des saisons la discipline de sport automobile connaissant la plus forte croissance au monde; \u00e9tant donn\u00e9 qu\u2019elle s\u2019appuie sur des pilotes de classe mondiale et sur la plus grande s\u00e9lection de constructeurs toutes cat\u00e9gories internationales confondues.<\/span><\/p>\n<p class=\"p1\"><span class=\"s1\">Avec 24 monoplaces 100% \u00e9lectriques pour les 12 \u00e9quipes de deux pilotes chacune, \u00able Marrakech E-Prix\u00bb promet une action particuli\u00e8rement d\u00e9bordante avant que la Formule E ne s\u2019envole pour l\u2019\u00e9tape europ\u00e9enne de la saison.<\/span><\/p>\n<p class=\"p1\"><span class=\"s1\">Deux nouveaux concurrents ont rejoint les constructeurs Audi, BMW, DS, Jaguar, Mahindra et Nissan cette saison.<\/span><\/p>\n<\/div>\n<p>Auteur: ALM<br \/>\n<a href=\"http:\/\/aujourdhui.ma\/automobile\/formule-electrique-marrakech-e-prix-2020-ce-samedi-sur-le-circuit-moulay-el-hassan\">Cliquez ici pour lire l&rsquo;article depuis sa source.<\/a><\/p>\n","protected":false},"excerpt":{"rendered":"<p>La 5\u00e8 manche du Championnat 2020 ABB- FIA, de la Formule \u00e9lectrique (Formule E), baptis\u00e9e \u00abMarrakech E-Prix 2020\u00bb qui met en sc\u00e8ne des courses disput\u00e9es au volant de voitures enti\u00e8rement \u00e9lectriques, aura lieu le 29 f\u00e9vrier sur le Circuit Moulay El Hassan de la cit\u00e9 ocre. Plac\u00e9 sous le Haut patronage de Sa Majest\u00e9 le [&hellip;]<\/p>\n","protected":false},"author":1759,"featured_media":0,"comment_status":"closed","ping_status":"closed","sticky":false,"template":"","format":"standard","meta":{"fifu_image_url":"","fifu_image_alt":"","footnotes":""},"categories":[73,54],"tags":[],"class_list":["post-77285","post","type-post","status-publish","format-standard","hentry","category-actualite","category-maroc"],"_links":{"self":[{"href":"https:\/\/linitiative.ca\/International\/wp-json\/wp\/v2\/posts\/77285","targetHints":{"allow":["GET"]}}],"collection":[{"href":"https:\/\/linitiative.ca\/International\/wp-json\/wp\/v2\/posts"}],"about":[{"href":"https:\/\/linitiative.ca\/International\/wp-json\/wp\/v2\/types\/post"}],"author":[{"embeddable":true,"href":"https:\/\/linitiative.ca\/International\/wp-json\/wp\/v2\/users\/1759"}],"replies":[{"embeddable":true,"href":"https:\/\/linitiative.ca\/International\/wp-json\/wp\/v2\/comments?post=77285"}],"version-history":[{"count":0,"href":"https:\/\/linitiative.ca\/International\/wp-json\/wp\/v2\/posts\/77285\/revisions"}],"wp:attachment":[{"href":"https:\/\/linitiative.ca\/International\/wp-json\/wp\/v2\/media?parent=77285"}],"wp:term":[{"taxonomy":"category","embeddable":true,"href":"https:\/\/linitiative.ca\/International\/wp-json\/wp\/v2\/categories?post=77285"},{"taxonomy":"post_tag","embeddable":true,"href":"https:\/\/linitiative.ca\/International\/wp-json\/wp\/v2\/tags?post=77285"}],"curies":[{"name":"wp","href":"https:\/\/api.w.org\/{rel}","templated":true}]}}