{"id":77286,"date":"2020-02-26T09:00:43","date_gmt":"2020-02-26T14:00:43","guid":{"rendered":"https:\/\/linitiative.ca\/International\/5eme-festival-du-livre-de-marrakech-leila-slimani-invitee-dhonneur\/"},"modified":"2020-02-26T09:00:43","modified_gmt":"2020-02-26T14:00:43","slug":"5eme-festival-du-livre-de-marrakech-leila-slimani-invitee-dhonneur","status":"publish","type":"post","link":"https:\/\/linitiative.ca\/International\/5eme-festival-du-livre-de-marrakech-leila-slimani-invitee-dhonneur\/","title":{"rendered":"5\u00e8me Festival du livre de Marrakech : Le\u00efla Slimani invit\u00e9e d\u2019honneur"},"content":{"rendered":"<p><img decoding=\"async\" class=\"post_layout_5_img\" src=\"http:\/\/aujourdhui.ma\/wp-content\/uploads\/2020\/02\/Lei%CC%88la-Slimani.jpg?x29840\" alt=\"5\u00e8me Festival du livre de Marrakech : Le\u00efla Slimani invit\u00e9e d\u2019honneur\"\/><\/p>\n<p class=\"p1\"><span class=\"c5\"><strong><span class=\"c4\"><em>Il conna\u00eetra la participation d\u2019une quarantaine de romanciers, de po\u00e8tes, d\u2019essayistes et de nouvellistes<\/em><\/span><\/strong><\/span> <span id=\"more-334674\"\/><\/p>\n<p class=\"p1\"><span class=\"s1\">Rendez-vous culturel incontournable de la ville ocre, le Festival du livre de Marrakech sera de retour pour une 5\u00e8me \u00e9dition du 27 au 29 mars 2020. Il aura comme invit\u00e9 d\u2019honneur l\u2019\u00e9crivaine franco-marocaine Le\u00efla Slimani, laur\u00e9ate du prix Goncourt 2016 pour son roman \u00abChanson Douce\u00bb. Initi\u00e9e par l\u2019association le Kitab Bleu en partenariat notamment avec l\u2019Institut fran\u00e7ais de Marrakech, l\u2019ambassade de France au Maroc et la direction r\u00e9gionale de la culture de Marrakech-Safi, cette manifestation culturelle vise, selon les organisateurs, \u00e0 ouvrir la litt\u00e9rature francophone et arabophone \u00e0 tous : jeunes et moins jeunes, Marocains francophones et arabophones, amazighophones, francophones de tous bords.<\/span><\/p>\n<p class=\"p1\"><span class=\"s1\"><em>\u00abIl s\u2019agit pour nous de d\u00e9sacraliser le livre. Pour toutes ces raisons nous souhaitons \u00e9galement faire intervenir des acteurs marocains du livre autres que des \u00e9crivains: les relieurs, les calligraphes ou les conteurs qui proposeront des ateliers de leur art au public\u00bb,<\/em> indique l\u2019association le Kitab Bleu. A cet effet, le festival qui se d\u00e9roulera \u00e0 la Chambre de commerce, d\u2019industrie et de services de Marrakech conna\u00eetra la participation d\u2019une quarantaine de romanciers, de po\u00e8tes, d\u2019essayistes et de nouvellistes de diff\u00e9rentes g\u00e9n\u00e9rations.<\/span><\/p>\n<p class=\"p1\"><span class=\"s1\">On retrouve Tahar Ben Jelloun, Abdellah Ba\u00efda, Ouadih Dada, Abdelkhaleq Jayed, Emmanuel Pierrat, Rachid Benzine, Jean-Yves Maisonneuve, Hicham Houda\u00effa, Moha Souag, Mohamed Ouissaden, L\u00e9onora Miano, Val\u00e9rie Trierweiler, Soufiane Marsni, Evelyne Dress, Souad Jama\u00ef, Mahi Binebine, Philippe Bichon, Yassin Adnan, Al Azalya, Muriel Augry, Lucile Bernard, Abdelha\u00ef Sadiq et V\u00e9ronique S\u00e9dro. De plus, le festival vivra pendant trois jours au rythme de ce carrefour culturel qui viendra rendre hommage au m\u00e9c\u00e8ne fran\u00e7ais Pierre Berg\u00e9.<\/span><\/p>\n<p class=\"p1\"><span class=\"s1\">Fid\u00e8le au rendez-vous, la marraine du festival Ghizlaine Chraibi et son parrain Patrick Poivre d\u2019Arvor se joindront aux soixante-dix auteurs francophones, arabophones et amazighophones qui viendront pr\u00e9senter leurs livres. Le Festival du livre de Marrakech pr\u00e9sente \u00e9galement des s\u00e9ances de d\u00e9dicaces, des conf\u00e9rences, des ateliers d\u00e9di\u00e9s \u00e0 la reliure, au num\u00e9rique et \u00e0 la bande dessin\u00e9e, des expositions, des spectacles de conteurs, une repr\u00e9sentation th\u00e9\u00e2trale et autres activit\u00e9s parall\u00e8les.<\/span><\/p>\n<p>Auteur: ALM<br \/>\n<a href=\"http:\/\/aujourdhui.ma\/culture\/livre\/5eme-festival-du-livre-de-marrakech-leila-slimani-invitee-dhonneur\">Cliquez ici pour lire l&rsquo;article depuis sa source.<\/a><\/p>\n","protected":false},"excerpt":{"rendered":"<p>Il conna\u00eetra la participation d\u2019une quarantaine de romanciers, de po\u00e8tes, d\u2019essayistes et de nouvellistes Rendez-vous culturel incontournable de la ville ocre, le Festival du livre de Marrakech sera de retour pour une 5\u00e8me \u00e9dition du 27 au 29 mars 2020. Il aura comme invit\u00e9 d\u2019honneur l\u2019\u00e9crivaine franco-marocaine Le\u00efla Slimani, laur\u00e9ate du prix Goncourt 2016 pour [&hellip;]<\/p>\n","protected":false},"author":1759,"featured_media":0,"comment_status":"closed","ping_status":"closed","sticky":false,"template":"","format":"standard","meta":{"fifu_image_url":"","fifu_image_alt":"","footnotes":""},"categories":[73,54],"tags":[],"class_list":["post-77286","post","type-post","status-publish","format-standard","hentry","category-actualite","category-maroc"],"_links":{"self":[{"href":"https:\/\/linitiative.ca\/International\/wp-json\/wp\/v2\/posts\/77286","targetHints":{"allow":["GET"]}}],"collection":[{"href":"https:\/\/linitiative.ca\/International\/wp-json\/wp\/v2\/posts"}],"about":[{"href":"https:\/\/linitiative.ca\/International\/wp-json\/wp\/v2\/types\/post"}],"author":[{"embeddable":true,"href":"https:\/\/linitiative.ca\/International\/wp-json\/wp\/v2\/users\/1759"}],"replies":[{"embeddable":true,"href":"https:\/\/linitiative.ca\/International\/wp-json\/wp\/v2\/comments?post=77286"}],"version-history":[{"count":0,"href":"https:\/\/linitiative.ca\/International\/wp-json\/wp\/v2\/posts\/77286\/revisions"}],"wp:attachment":[{"href":"https:\/\/linitiative.ca\/International\/wp-json\/wp\/v2\/media?parent=77286"}],"wp:term":[{"taxonomy":"category","embeddable":true,"href":"https:\/\/linitiative.ca\/International\/wp-json\/wp\/v2\/categories?post=77286"},{"taxonomy":"post_tag","embeddable":true,"href":"https:\/\/linitiative.ca\/International\/wp-json\/wp\/v2\/tags?post=77286"}],"curies":[{"name":"wp","href":"https:\/\/api.w.org\/{rel}","templated":true}]}}