{"id":77293,"date":"2020-02-26T06:36:29","date_gmt":"2020-02-26T11:36:29","guid":{"rendered":"https:\/\/linitiative.ca\/International\/projet-dorientation-economique-et-sociale-lugtt-table-sur-un-taux-de-croissance-de-4\/"},"modified":"2020-02-26T06:36:29","modified_gmt":"2020-02-26T11:36:29","slug":"projet-dorientation-economique-et-sociale-lugtt-table-sur-un-taux-de-croissance-de-4","status":"publish","type":"post","link":"https:\/\/linitiative.ca\/International\/projet-dorientation-economique-et-sociale-lugtt-table-sur-un-taux-de-croissance-de-4\/","title":{"rendered":"Projet d\u2019orientation \u00e9conomique et sociale :  L\u2019UGTT table sur un taux de croissance de 4%"},"content":{"rendered":"<p>La commission administrative de l\u2019Union g\u00e9n\u00e9rale tunisienne du travail (UGTT) a tenu une r\u00e9union, mardi \u00e0 Hammamet, pour d\u00e9battre du projet d\u2019orientation \u00e9conomique et social, qui table sur une croissance \u00e9conomique de l\u2019ordre de 4% et qui sera ult\u00e9rieurement soumis au nouveau gouvernement et aux blocs parlementaires \u00e0 l\u2019Assembl\u00e9e des Repr\u00e9sentants du Peuple (ARP), a indiqu\u00e9, le porte-parole officiel de l\u2019UGTT, Sami Tahri.<\/p>\n<p>Dans une d\u00e9claration \u00e0 la TAP, Tahri a expliqu\u00e9 que ce projet qui comprend un volet \u00e9conomique et social, vise \u00e0 atteindre un taux de croissance \u00e9conomique de 4% apr\u00e8s trois ann\u00e9es de sa mise en \u0153uvre. Il pr\u00e9voit \u00e9galement l\u2019adoption de mesures urgentes visant \u00e0 promouvoir l\u2019\u00e9conomie et \u00e0 r\u00e9habiliter les secteurs strat\u00e9giques et vitaux.<\/p>\n<p>Ce projet est ax\u00e9 sur la mise en \u0153uvre des r\u00e9formes dans les secteurs strat\u00e9giques, dont la sant\u00e9, l\u2019enseignement, le transport ainsi que la r\u00e9forme des institutions publiques et la r\u00e9habilitation des secteurs de l\u2019agriculture et du phosphate, a ajout\u00e9 le responsable syndical, qualifiant de \u00ab r\u00e9aliste \u00bb le programme de l\u2019UGTT.<\/p>\n<p>\u00ab Le programme vise \u00e0 int\u00e9grer l\u2019\u00e9conomie informelle, \u00e0 un moment o\u00f9 l\u2019on estime que 60% de la liquidit\u00e9 est monopolis\u00e9e par les circuits des activit\u00e9s informelles \u00bb, selon Tahri, ajoutant qu\u2019une r\u00e9injection des ressources financi\u00e8res provenant du secteur informel, permettrait de soutenir les ressources du pays.<\/p>\n<p>Le m\u00eame projet propose de restaurer le r\u00f4le d\u2019ajustement imparti \u00e0 la Banque centrale de mani\u00e8re \u00e0 consolider sa position au niveau de la gouvernance du syst\u00e8me financier, en \u00e9change de motiver les banques priv\u00e9es pour un r\u00f4le fondamental en mati\u00e8re de d\u00e9veloppement et d\u2019investissement, selon le responsable syndical.<\/p>\n<p>Tahri a ajout\u00e9 \u00e0 cet \u00e9gard que l\u2019UGTT pr\u00e9sentera son programme \u00e0 l\u2019opinion publique et aux blocs parlementaires et au nouveau gouvernement, une fois vot\u00e9 par les d\u00e9put\u00e9s de l\u2019ARP.<\/p>\n<p>Le porte-parole de l\u2019UGTT a indiqu\u00e9 que \u00ab l\u2019\u00e9valuation que portera l\u2019UGTT \u00e0 ce gouvernement, se basera essentiellement sur son engagement dans la question \u00e9conomique et sociale \u00bb.<\/p>\n<div class=\"wp-post-author-wrap wp-post-author-shortcode left\">\n<h3 class=\"awpa-title\"\/>\n<div class=\"wp-post-author\">\n<div class=\"awpa-img awpa-author-block square\"><a href=\"http:\/\/lexpertjournal.net\/fr\/author\/expert\/\"><img loading=\"lazy\" decoding=\"async\" alt=\"\" src=\"http:\/\/0.gravatar.com\/avatar\/97f8e10a1c1125ba104a76514ee07b16?s=150&#038;d=mm&#038;r=g\" srcset=\"http:\/\/0.gravatar.com\/avatar\/97f8e10a1c1125ba104a76514ee07b16?s=300&#038;d=mm&#038;r=g 2x\" class=\"avatar avatar-150 photo\" height=\"150\" width=\"150\"\/><\/a><\/div>\n<\/div>\n<\/div>\n<div class=\"ssba-classic-2 ssba ssbp-wrap left ssbp--theme-1 c2\"><span class=\"ssba-share-text\">Share this&#8230;<\/span><br \/><a data-site=\"\" class=\"ssba_facebook_share\" href=\"http:\/\/www.facebook.com\/sharer.php?u=http:\/\/lexpertjournal.net\/fr\/2020\/02\/26\/projet-dorientation-economique-et-sociale-lugtt-table-sur-un-taux-de-croissance-de-4\/\" target=\"_blank\" rel=\"noopener noreferrer\"><img decoding=\"async\" src=\"http:\/\/lexpertjournal.net\/fr\/wp-content\/plugins\/simple-share-buttons-adder\/buttons\/somacro\/facebook.png\" title=\"Facebook\" class=\"ssba ssba-img c1\" alt=\"Share on Facebook\"\/><\/a><\/p>\n<p><a data-site=\"pinterest\" class=\"ssba_pinterest_share\" href=\"javascript:void((function()%7Bvar%20e=document.createElement('script');e.setAttribute('type','text\/javascript');e.setAttribute('charset','UTF-8');e.setAttribute('src','\/\/assets.pinterest.com\/js\/pinmarklet.js?r='+Math.random()*99999999);document.body.appendChild(e)%7D)());\"><img decoding=\"async\" src=\"http:\/\/lexpertjournal.net\/fr\/wp-content\/plugins\/simple-share-buttons-adder\/buttons\/somacro\/pinterest.png\" title=\"Pinterest\" class=\"ssba ssba-img c1\" alt=\"Pin on Pinterest\"\/><\/a><\/p>\n<p><a data-site=\"\" class=\"ssba_twitter_share\" href=\"http:\/\/twitter.com\/share?url=http:\/\/lexpertjournal.net\/fr\/2020\/02\/26\/projet-dorientation-economique-et-sociale-lugtt-table-sur-un-taux-de-croissance-de-4\/&#038;text=Projet%20d%E2%80%99orientation%20%C3%A9conomique%20et%20sociale%20%3A%20%20L%E2%80%99UGTT%20table%20sur%20un%20taux%20de%20croissance%20de%204%25%20\" target=\"\"_blank\"\"><img decoding=\"async\" src=\"http:\/\/lexpertjournal.net\/fr\/wp-content\/plugins\/simple-share-buttons-adder\/buttons\/somacro\/twitter.png\" title=\"Twitter\" class=\"ssba ssba-img c1\" alt=\"Tweet about this on Twitter\"\/><\/a><\/p>\n<p><a data-site=\"linkedin\" class=\"ssba_linkedin_share ssba_share_link\" href=\"http:\/\/www.linkedin.com\/shareArticle?mini=true&#038;url=http:\/\/lexpertjournal.net\/fr\/2020\/02\/26\/projet-dorientation-economique-et-sociale-lugtt-table-sur-un-taux-de-croissance-de-4\/\" target=\"\"_blank\"\"><img decoding=\"async\" src=\"http:\/\/lexpertjournal.net\/fr\/wp-content\/plugins\/simple-share-buttons-adder\/buttons\/somacro\/linkedin.png\" title=\"LinkedIn\" class=\"ssba ssba-img c1\" alt=\"Share on LinkedIn\"\/><\/a><\/p>\n<\/div>\n<p>Auteur: L&rsquo;expert<br \/>\n<a href=\"http:\/\/lexpertjournal.net\/fr\/2020\/02\/26\/projet-dorientation-economique-et-sociale-lugtt-table-sur-un-taux-de-croissance-de-4\/\">Cliquez ici pour lire l&rsquo;article depuis sa source.<\/a><\/p>\n","protected":false},"excerpt":{"rendered":"<p>La commission administrative de l\u2019Union g\u00e9n\u00e9rale tunisienne du travail (UGTT) a tenu une r\u00e9union, mardi \u00e0 Hammamet, pour d\u00e9battre du projet d\u2019orientation \u00e9conomique et social, qui table sur une croissance \u00e9conomique de l\u2019ordre de 4% et qui sera ult\u00e9rieurement soumis au nouveau gouvernement et aux blocs parlementaires \u00e0 l\u2019Assembl\u00e9e des Repr\u00e9sentants du Peuple (ARP), a [&hellip;]<\/p>\n","protected":false},"author":1775,"featured_media":0,"comment_status":"closed","ping_status":"closed","sticky":false,"template":"","format":"standard","meta":{"fifu_image_url":"","fifu_image_alt":"","footnotes":""},"categories":[78,55],"tags":[],"class_list":["post-77293","post","type-post","status-publish","format-standard","hentry","category-economie","category-tunisie"],"_links":{"self":[{"href":"https:\/\/linitiative.ca\/International\/wp-json\/wp\/v2\/posts\/77293","targetHints":{"allow":["GET"]}}],"collection":[{"href":"https:\/\/linitiative.ca\/International\/wp-json\/wp\/v2\/posts"}],"about":[{"href":"https:\/\/linitiative.ca\/International\/wp-json\/wp\/v2\/types\/post"}],"author":[{"embeddable":true,"href":"https:\/\/linitiative.ca\/International\/wp-json\/wp\/v2\/users\/1775"}],"replies":[{"embeddable":true,"href":"https:\/\/linitiative.ca\/International\/wp-json\/wp\/v2\/comments?post=77293"}],"version-history":[{"count":0,"href":"https:\/\/linitiative.ca\/International\/wp-json\/wp\/v2\/posts\/77293\/revisions"}],"wp:attachment":[{"href":"https:\/\/linitiative.ca\/International\/wp-json\/wp\/v2\/media?parent=77293"}],"wp:term":[{"taxonomy":"category","embeddable":true,"href":"https:\/\/linitiative.ca\/International\/wp-json\/wp\/v2\/categories?post=77293"},{"taxonomy":"post_tag","embeddable":true,"href":"https:\/\/linitiative.ca\/International\/wp-json\/wp\/v2\/tags?post=77293"}],"curies":[{"name":"wp","href":"https:\/\/api.w.org\/{rel}","templated":true}]}}