{"id":77294,"date":"2020-02-26T06:37:48","date_gmt":"2020-02-26T11:37:48","guid":{"rendered":"https:\/\/linitiative.ca\/International\/football-la-ftf-devoile-le-calendrier-du-reste-de-la-saison\/"},"modified":"2020-02-26T06:37:48","modified_gmt":"2020-02-26T11:37:48","slug":"football-la-ftf-devoile-le-calendrier-du-reste-de-la-saison","status":"publish","type":"post","link":"https:\/\/linitiative.ca\/International\/football-la-ftf-devoile-le-calendrier-du-reste-de-la-saison\/","title":{"rendered":"Football : LA FTF d\u00e9voile le calendrier du reste de la saison"},"content":{"rendered":"<p>La f\u00e9d\u00e9ration Tunisienne de football (FTF) a communiqu\u00e9 mardi, le calendrier du reste de la saison, championnat de la ligue 1 du football professionnel et les diff\u00e9rents tours de la Coupe de Tunisie \u00ab Habib Bourguiba \u00bb 2019\/2020.<\/p>\n<p>La 26e et derni\u00e8re journ\u00e9e de la ligue 1 a \u00e9t\u00e9 fix\u00e9e au jeudi 21 mai et la finale de la Coupe de Tunisie se d\u00e9roulera soit le 31 mai ou le 13 juin.<\/p>\n<p>Voici le calendrier complet:<\/p>\n<p>Championnat de la ligue 1:<\/p>\n<p>Samedi 20 et dimanche 21 mars: 17e journ\u00e9e<\/p>\n<p>Samedi 4 et dimanche 5 avril: 18e journ\u00e9e<\/p>\n<p>Jeudi 9 avril: 19e journ\u00e9e<\/p>\n<p>Dimanche 12 avril: 20e journ\u00e9e<\/p>\n<p>Dimanche 19 avril: 21e journ\u00e9e<\/p>\n<p>Mercredi 22 et jeudi 23 avril: 22e journ\u00e9e<\/p>\n<p>Dimanche 26 avril: 23e journ\u00e9e<\/p>\n<p>Mercredi 13 mai: 24e journ\u00e9e<\/p>\n<p>Dimanche 17 mai: 25e journ\u00e9e<\/p>\n<p>Jeudi 21 mai: 26e journ\u00e9e<\/p>\n<p>Coupe de Tunisie \u00ab Habib Bourguiba \u00bb 2019\/2020<\/p>\n<p>Samedi 29 f\u00e9vrier et dimanche 1er mars: 16\u00e8mes de finale<\/p>\n<p>Mercredi 11 mars: matches retard des 16e de finale<\/p>\n<p>Dimanche 15 mars: huiti\u00e8mes de finale et Super Coupe de Tunisie<\/p>\n<p>Dimanche 3 mai: Quarts de finale<\/p>\n<p>Mardi 5 mai et mercredi 6 mai: matches retard des quarts de finale<\/p>\n<p>Dimanche 24 mai: Demi-finales<\/p>\n<p>Dimanche 31 mai ou samedi 13 juin: Finale<\/p>\n<div class=\"wp-post-author-wrap wp-post-author-shortcode left\">\n<h3 class=\"awpa-title\"\/>\n<div class=\"wp-post-author\">\n<div class=\"awpa-img awpa-author-block square\"><a href=\"http:\/\/lexpertjournal.net\/fr\/author\/expert\/\"><img loading=\"lazy\" decoding=\"async\" alt=\"\" src=\"http:\/\/0.gravatar.com\/avatar\/97f8e10a1c1125ba104a76514ee07b16?s=150&#038;d=mm&#038;r=g\" srcset=\"http:\/\/0.gravatar.com\/avatar\/97f8e10a1c1125ba104a76514ee07b16?s=300&#038;d=mm&#038;r=g 2x\" class=\"avatar avatar-150 photo\" height=\"150\" width=\"150\"\/><\/a><\/div>\n<\/div>\n<\/div>\n<div class=\"ssba-classic-2 ssba ssbp-wrap left ssbp--theme-1 c2\"><span class=\"ssba-share-text\">Share this&#8230;<\/span><br \/><a data-site=\"\" class=\"ssba_facebook_share\" href=\"http:\/\/www.facebook.com\/sharer.php?u=http:\/\/lexpertjournal.net\/fr\/2020\/02\/26\/football-la-ftf-devoile-le-calendrier-du-reste-de-la-saison\/\" target=\"_blank\" rel=\"noopener noreferrer\"><img decoding=\"async\" src=\"http:\/\/lexpertjournal.net\/fr\/wp-content\/plugins\/simple-share-buttons-adder\/buttons\/somacro\/facebook.png\" title=\"Facebook\" class=\"ssba ssba-img c1\" alt=\"Share on Facebook\"\/><\/a><\/p>\n<p><a data-site=\"pinterest\" class=\"ssba_pinterest_share\" href=\"javascript:void((function()%7Bvar%20e=document.createElement('script');e.setAttribute('type','text\/javascript');e.setAttribute('charset','UTF-8');e.setAttribute('src','\/\/assets.pinterest.com\/js\/pinmarklet.js?r='+Math.random()*99999999);document.body.appendChild(e)%7D)());\"><img decoding=\"async\" src=\"http:\/\/lexpertjournal.net\/fr\/wp-content\/plugins\/simple-share-buttons-adder\/buttons\/somacro\/pinterest.png\" title=\"Pinterest\" class=\"ssba ssba-img c1\" alt=\"Pin on Pinterest\"\/><\/a><\/p>\n<p><a data-site=\"\" class=\"ssba_twitter_share\" href=\"http:\/\/twitter.com\/share?url=http:\/\/lexpertjournal.net\/fr\/2020\/02\/26\/football-la-ftf-devoile-le-calendrier-du-reste-de-la-saison\/&#038;text=Football%20%3A%20LA%20FTF%20d%C3%A9voile%20le%20calendrier%20du%20reste%20de%20la%20saison%20\" target=\"\"_blank\"\"><img decoding=\"async\" src=\"http:\/\/lexpertjournal.net\/fr\/wp-content\/plugins\/simple-share-buttons-adder\/buttons\/somacro\/twitter.png\" title=\"Twitter\" class=\"ssba ssba-img c1\" alt=\"Tweet about this on Twitter\"\/><\/a><\/p>\n<p><a data-site=\"linkedin\" class=\"ssba_linkedin_share ssba_share_link\" href=\"http:\/\/www.linkedin.com\/shareArticle?mini=true&#038;url=http:\/\/lexpertjournal.net\/fr\/2020\/02\/26\/football-la-ftf-devoile-le-calendrier-du-reste-de-la-saison\/\" target=\"\"_blank\"\"><img decoding=\"async\" src=\"http:\/\/lexpertjournal.net\/fr\/wp-content\/plugins\/simple-share-buttons-adder\/buttons\/somacro\/linkedin.png\" title=\"LinkedIn\" class=\"ssba ssba-img c1\" alt=\"Share on LinkedIn\"\/><\/a><\/p>\n<\/div>\n<p>Auteur: L&rsquo;expert<br \/>\n<a href=\"http:\/\/lexpertjournal.net\/fr\/2020\/02\/26\/football-la-ftf-devoile-le-calendrier-du-reste-de-la-saison\/\">Cliquez ici pour lire l&rsquo;article depuis sa source.<\/a><\/p>\n","protected":false},"excerpt":{"rendered":"<p>La f\u00e9d\u00e9ration Tunisienne de football (FTF) a communiqu\u00e9 mardi, le calendrier du reste de la saison, championnat de la ligue 1 du football professionnel et les diff\u00e9rents tours de la Coupe de Tunisie \u00ab Habib Bourguiba \u00bb 2019\/2020. La 26e et derni\u00e8re journ\u00e9e de la ligue 1 a \u00e9t\u00e9 fix\u00e9e au jeudi 21 mai et [&hellip;]<\/p>\n","protected":false},"author":1775,"featured_media":0,"comment_status":"closed","ping_status":"closed","sticky":false,"template":"","format":"standard","meta":{"fifu_image_url":"","fifu_image_alt":"","footnotes":""},"categories":[78,55],"tags":[],"class_list":["post-77294","post","type-post","status-publish","format-standard","hentry","category-economie","category-tunisie"],"_links":{"self":[{"href":"https:\/\/linitiative.ca\/International\/wp-json\/wp\/v2\/posts\/77294","targetHints":{"allow":["GET"]}}],"collection":[{"href":"https:\/\/linitiative.ca\/International\/wp-json\/wp\/v2\/posts"}],"about":[{"href":"https:\/\/linitiative.ca\/International\/wp-json\/wp\/v2\/types\/post"}],"author":[{"embeddable":true,"href":"https:\/\/linitiative.ca\/International\/wp-json\/wp\/v2\/users\/1775"}],"replies":[{"embeddable":true,"href":"https:\/\/linitiative.ca\/International\/wp-json\/wp\/v2\/comments?post=77294"}],"version-history":[{"count":0,"href":"https:\/\/linitiative.ca\/International\/wp-json\/wp\/v2\/posts\/77294\/revisions"}],"wp:attachment":[{"href":"https:\/\/linitiative.ca\/International\/wp-json\/wp\/v2\/media?parent=77294"}],"wp:term":[{"taxonomy":"category","embeddable":true,"href":"https:\/\/linitiative.ca\/International\/wp-json\/wp\/v2\/categories?post=77294"},{"taxonomy":"post_tag","embeddable":true,"href":"https:\/\/linitiative.ca\/International\/wp-json\/wp\/v2\/tags?post=77294"}],"curies":[{"name":"wp","href":"https:\/\/api.w.org\/{rel}","templated":true}]}}