{"id":77296,"date":"2020-02-26T06:40:12","date_gmt":"2020-02-26T11:40:12","guid":{"rendered":"https:\/\/linitiative.ca\/International\/progres-technologique-un-retard-de-20-ans-pour-la-tunisie-et-deux-points-de-croissance-en-moins\/"},"modified":"2020-02-26T06:40:12","modified_gmt":"2020-02-26T11:40:12","slug":"progres-technologique-un-retard-de-20-ans-pour-la-tunisie-et-deux-points-de-croissance-en-moins","status":"publish","type":"post","link":"https:\/\/linitiative.ca\/International\/progres-technologique-un-retard-de-20-ans-pour-la-tunisie-et-deux-points-de-croissance-en-moins\/","title":{"rendered":"Progr\u00e8s technologique : Un retard de 20 ans pour la Tunisie et deux points de croissance en moins"},"content":{"rendered":"<p>La Tunisie accuse un retard de 20 ans en mati\u00e8re de technologies dans le secteur des finances et des affaires (secteurs public et priv\u00e9), ce qui lui fait perdre deux points de croissance a estim\u00e9, Slaheddine Zahaf, pr\u00e9sident de l\u2019Ordre des Experts Comptables de Tunisie (OECT), lors d\u2019un point de presse tenu, mardi, \u00e0 Tunis.<\/p>\n<p>Pr\u00e9sentant le 33e congr\u00e8s international de l\u2019OECT pr\u00e9vu du 27 au 28 f\u00e9vrier courant \u00e0 Tunis, il a ajout\u00e9 que l\u2019Etat s\u2019est pr\u00e9occup\u00e9, durant ces derni\u00e8res ann\u00e9es, de la politique au d\u00e9triment d\u2019autres questions notamment les technologies et la num\u00e9risation, se limitant \u00e0 leur introduction dans certaines entreprises et le secteur priv\u00e9, \u00e0 l\u2019instar des banques et des minist\u00e8res (minist\u00e8re de l\u2019\u00e9ducation). D\u2019o\u00f9, a-t-il dit, le choix de tenir le congr\u00e8s de l\u2019OECT sous le th\u00e8me \u00ab la r\u00e9volution digitale: d\u00e9fis et apport pour l\u2019\u00e9conomie tunisienne \u00bb.<\/p>\n<p>\u00ab La r\u00e9volution digitale reste un enjeu incontournable pour tous les acteurs \u00e9conomiques dont notamment les entreprises, l\u2019administration et la profession comptable, sauf que la plupart d\u2019entre eux n\u2019ont pas encore initi\u00e9 leur mutation pour b\u00e9n\u00e9ficier du num\u00e9rique comme levier de croissance et de comp\u00e9titivit\u00e9 \u00ab , a-t-il regrett\u00e9.<\/p>\n<p>Les organisateurs du congr\u00e8s ont soulign\u00e9 que certaines entreprises sont particuli\u00e8rement bien \u00e9quip\u00e9es en outils num\u00e9riques mais accusent un d\u00e9ficit dans les usages associ\u00e9s \u00e0 ces outils de base (site web, commerce \u00e9lectronique, usage des r\u00e9seaux sociaux).<\/p>\n<p>Cela les emp\u00eache, d\u2019apr\u00e8s eux, de tirer le meilleur parti de leur investissement de base et nuit \u00e0 leur rentabilit\u00e9 et \u00e0 leur comp\u00e9titivit\u00e9. Dans la transition digitale, il est important que les entreprises ainsi que les structures de l\u2019administration \u00e9laborent un plan d\u2019action \u00e0 court et moyen termes et s\u2019entourent de sp\u00e9cialistes.<\/p>\n<p>Le vice-pr\u00e9sident de l\u2019OECT et consultant en intelligence artificielle, Maher Gaida a, pour sa part, appel\u00e9 les entreprises et les administrations \u00e0 mettre en place une strat\u00e9gie \u00e0 court et \u00e0 moyen termes dans le domaine de la transition num\u00e9rique.<\/p>\n<p>A travers ce 33e congr\u00e8s international, l\u2019OECT aspire \u00e0 ce que les chefs d\u2019entreprises tunisiennes prennent conscience que la transformation num\u00e9rique constitue une v\u00e9ritable opportunit\u00e9 afin de d\u00e9velopper leurs activit\u00e9s.<\/p>\n<p>Quelque 1000 participants dont 100 \u00e9trangers sont attendus \u00e0 ce congr\u00e8s qui pr\u00e9voit la tenue d\u2019ateliers et de d\u00e9bats anim\u00e9s par des experts. Ces ateliers s\u2019articulent autour de plusieurs th\u00e9matiques dont la technologie financi\u00e8re, les villes intelligentes et la r\u00e9volution num\u00e9rique.<\/p>\n<div class=\"wp-post-author-wrap wp-post-author-shortcode left\">\n<h3 class=\"awpa-title\"\/>\n<div class=\"wp-post-author\">\n<div class=\"awpa-img awpa-author-block square\"><a href=\"http:\/\/lexpertjournal.net\/fr\/author\/expert\/\"><img loading=\"lazy\" decoding=\"async\" alt=\"\" src=\"http:\/\/0.gravatar.com\/avatar\/97f8e10a1c1125ba104a76514ee07b16?s=150&#038;d=mm&#038;r=g\" srcset=\"http:\/\/0.gravatar.com\/avatar\/97f8e10a1c1125ba104a76514ee07b16?s=300&#038;d=mm&#038;r=g 2x\" class=\"avatar avatar-150 photo\" height=\"150\" width=\"150\"\/><\/a><\/div>\n<\/div>\n<\/div>\n<div class=\"ssba-classic-2 ssba ssbp-wrap left ssbp--theme-1 c2\"><span class=\"ssba-share-text\">Share this&#8230;<\/span><br \/><a data-site=\"\" class=\"ssba_facebook_share\" href=\"http:\/\/www.facebook.com\/sharer.php?u=http:\/\/lexpertjournal.net\/fr\/2020\/02\/26\/progres-technologique-un-retard-de-20-ans-pour-la-tunisie-et-deux-points-de-croissance-en-moins\/\" target=\"_blank\" rel=\"noopener noreferrer\"><img decoding=\"async\" src=\"http:\/\/lexpertjournal.net\/fr\/wp-content\/plugins\/simple-share-buttons-adder\/buttons\/somacro\/facebook.png\" title=\"Facebook\" class=\"ssba ssba-img c1\" alt=\"Share on Facebook\"\/><\/a><\/p>\n<p><a data-site=\"pinterest\" class=\"ssba_pinterest_share\" href=\"javascript:void((function()%7Bvar%20e=document.createElement('script');e.setAttribute('type','text\/javascript');e.setAttribute('charset','UTF-8');e.setAttribute('src','\/\/assets.pinterest.com\/js\/pinmarklet.js?r='+Math.random()*99999999);document.body.appendChild(e)%7D)());\"><img decoding=\"async\" src=\"http:\/\/lexpertjournal.net\/fr\/wp-content\/plugins\/simple-share-buttons-adder\/buttons\/somacro\/pinterest.png\" title=\"Pinterest\" class=\"ssba ssba-img c1\" alt=\"Pin on Pinterest\"\/><\/a><\/p>\n<p><a data-site=\"\" class=\"ssba_twitter_share\" href=\"http:\/\/twitter.com\/share?url=http:\/\/lexpertjournal.net\/fr\/2020\/02\/26\/progres-technologique-un-retard-de-20-ans-pour-la-tunisie-et-deux-points-de-croissance-en-moins\/&#038;text=Progr%C3%A8s%20technologique%20%3A%20Un%20retard%20de%2020%20ans%20pour%20la%20Tunisie%20et%20deux%20points%20de%20croissance%20en%20moins%20\" target=\"\"_blank\"\"><img decoding=\"async\" src=\"http:\/\/lexpertjournal.net\/fr\/wp-content\/plugins\/simple-share-buttons-adder\/buttons\/somacro\/twitter.png\" title=\"Twitter\" class=\"ssba ssba-img c1\" alt=\"Tweet about this on Twitter\"\/><\/a><\/p>\n<p><a data-site=\"linkedin\" class=\"ssba_linkedin_share ssba_share_link\" href=\"http:\/\/www.linkedin.com\/shareArticle?mini=true&#038;url=http:\/\/lexpertjournal.net\/fr\/2020\/02\/26\/progres-technologique-un-retard-de-20-ans-pour-la-tunisie-et-deux-points-de-croissance-en-moins\/\" target=\"\"_blank\"\"><img decoding=\"async\" src=\"http:\/\/lexpertjournal.net\/fr\/wp-content\/plugins\/simple-share-buttons-adder\/buttons\/somacro\/linkedin.png\" title=\"LinkedIn\" class=\"ssba ssba-img c1\" alt=\"Share on LinkedIn\"\/><\/a><\/p>\n<\/div>\n<p>Auteur: L&rsquo;expert<br \/>\n<a href=\"http:\/\/lexpertjournal.net\/fr\/2020\/02\/26\/progres-technologique-un-retard-de-20-ans-pour-la-tunisie-et-deux-points-de-croissance-en-moins\/\">Cliquez ici pour lire l&rsquo;article depuis sa source.<\/a><\/p>\n","protected":false},"excerpt":{"rendered":"<p>La Tunisie accuse un retard de 20 ans en mati\u00e8re de technologies dans le secteur des finances et des affaires (secteurs public et priv\u00e9), ce qui lui fait perdre deux points de croissance a estim\u00e9, Slaheddine Zahaf, pr\u00e9sident de l\u2019Ordre des Experts Comptables de Tunisie (OECT), lors d\u2019un point de presse tenu, mardi, \u00e0 Tunis. [&hellip;]<\/p>\n","protected":false},"author":1775,"featured_media":0,"comment_status":"closed","ping_status":"closed","sticky":false,"template":"","format":"standard","meta":{"fifu_image_url":"","fifu_image_alt":"","footnotes":""},"categories":[78,55],"tags":[],"class_list":["post-77296","post","type-post","status-publish","format-standard","hentry","category-economie","category-tunisie"],"_links":{"self":[{"href":"https:\/\/linitiative.ca\/International\/wp-json\/wp\/v2\/posts\/77296","targetHints":{"allow":["GET"]}}],"collection":[{"href":"https:\/\/linitiative.ca\/International\/wp-json\/wp\/v2\/posts"}],"about":[{"href":"https:\/\/linitiative.ca\/International\/wp-json\/wp\/v2\/types\/post"}],"author":[{"embeddable":true,"href":"https:\/\/linitiative.ca\/International\/wp-json\/wp\/v2\/users\/1775"}],"replies":[{"embeddable":true,"href":"https:\/\/linitiative.ca\/International\/wp-json\/wp\/v2\/comments?post=77296"}],"version-history":[{"count":0,"href":"https:\/\/linitiative.ca\/International\/wp-json\/wp\/v2\/posts\/77296\/revisions"}],"wp:attachment":[{"href":"https:\/\/linitiative.ca\/International\/wp-json\/wp\/v2\/media?parent=77296"}],"wp:term":[{"taxonomy":"category","embeddable":true,"href":"https:\/\/linitiative.ca\/International\/wp-json\/wp\/v2\/categories?post=77296"},{"taxonomy":"post_tag","embeddable":true,"href":"https:\/\/linitiative.ca\/International\/wp-json\/wp\/v2\/tags?post=77296"}],"curies":[{"name":"wp","href":"https:\/\/api.w.org\/{rel}","templated":true}]}}