{"id":77297,"date":"2020-02-26T06:41:30","date_gmt":"2020-02-26T11:41:30","guid":{"rendered":"https:\/\/linitiative.ca\/International\/modernisation-du-canal-medjerda-pret-de-275-millions-deuros-de-la-kfw\/"},"modified":"2020-02-26T06:41:30","modified_gmt":"2020-02-26T11:41:30","slug":"modernisation-du-canal-medjerda-pret-de-275-millions-deuros-de-la-kfw","status":"publish","type":"post","link":"https:\/\/linitiative.ca\/International\/modernisation-du-canal-medjerda-pret-de-275-millions-deuros-de-la-kfw\/","title":{"rendered":"Modernisation du canal Medjerda : Pr\u00eat de 27,5 millions d\u2019euros de la KFW"},"content":{"rendered":"<p>Un accord de financement de 27,5 millions d\u2019euros (soit l\u2019\u00e9quivalent de 85,4 millions de dinars) a \u00e9t\u00e9 sign\u00e9, mardi, entre la Banque allemande de d\u00e9veloppement(KfW) et le Gouvernement Tunisien, au Minist\u00e8re des Affaires Etrang\u00e8res.<\/p>\n<p>Selon un communiqu\u00e9 publi\u00e9 par le bureau de la KfW en Tunisie, l\u2019accord vise \u00e0 mettre en \u0153uvre les composantes de la deuxi\u00e8me phase de modernisation du canal Medjerda Cap Bon (CMCB II) qui s\u2019inscrit dans le cadre du programme de gestion int\u00e9gr\u00e9e des ressources en eau (GIRE) pour le d\u00e9veloppement des r\u00e9gions rurales de la Tunisie.<\/p>\n<p>Il servira \u00e9galement, au financement de trois composantes \u00e0 savoir l\u2019auscultation compl\u00e8te de tous les ouvrages situ\u00e9s sur le canal, la modernisation de la station de pompage de B\u00e9jaoua et le doublement de la conduite forc\u00e9e et la r\u00e9habilitation du canal au niveau de Borj C\u00e9dria<\/p>\n<p>La r\u00e9alisation du projet, qui vient compl\u00e9ter la premi\u00e8re phase en cours de r\u00e9alisation, est confi\u00e9e au minist\u00e8re de l\u2019Agriculture, des ressources hydrauliques et de la p\u00eache.<\/p>\n<p>Le projet, qui s\u2019inscrit dans la cadre de la coop\u00e9ration financi\u00e8re entre la Tunisie et l\u2019Allemagne, vise \u00e0 moderniser et assurer une exploitation optimale de toutes les infrastructures et les \u00e9quipements du Canal Medjerda Cap Bon, consid\u00e9r\u00e9 comme un axe de d\u00e9veloppement \u00e9conomique et social et r\u00e9pondre durablement aux besoins croissants d\u2019eau potable et d\u2019eau d\u2019irrigation.<\/p>\n<p>L\u2019eau du Canal Medjerda Cap Bon est utilis\u00e9e pour l\u2019irrigation de 19.000 ha des champs agricoles et assure l\u2019alimentation en eau potable du Grand Tunis, de la zone du Sahel et de Sfax.<\/p>\n<div class=\"wp-post-author-wrap wp-post-author-shortcode left\">\n<h3 class=\"awpa-title\"\/>\n<div class=\"wp-post-author\">\n<div class=\"awpa-img awpa-author-block square\"><a href=\"http:\/\/lexpertjournal.net\/fr\/author\/expert\/\"><img loading=\"lazy\" decoding=\"async\" alt=\"\" src=\"http:\/\/0.gravatar.com\/avatar\/97f8e10a1c1125ba104a76514ee07b16?s=150&#038;d=mm&#038;r=g\" srcset=\"http:\/\/0.gravatar.com\/avatar\/97f8e10a1c1125ba104a76514ee07b16?s=300&#038;d=mm&#038;r=g 2x\" class=\"avatar avatar-150 photo\" height=\"150\" width=\"150\"\/><\/a><\/div>\n<\/div>\n<\/div>\n<div class=\"ssba-classic-2 ssba ssbp-wrap left ssbp--theme-1 c2\"><span class=\"ssba-share-text\">Share this&#8230;<\/span><br \/><a data-site=\"\" class=\"ssba_facebook_share\" href=\"http:\/\/www.facebook.com\/sharer.php?u=http:\/\/lexpertjournal.net\/fr\/2020\/02\/26\/modernisation-du-canal-medjerda-pret-de-275-millions-deuros-de-la-kfw\/\" target=\"_blank\" rel=\"noopener noreferrer\"><img decoding=\"async\" src=\"http:\/\/lexpertjournal.net\/fr\/wp-content\/plugins\/simple-share-buttons-adder\/buttons\/somacro\/facebook.png\" title=\"Facebook\" class=\"ssba ssba-img c1\" alt=\"Share on Facebook\"\/><\/a><\/p>\n<p><a data-site=\"pinterest\" class=\"ssba_pinterest_share\" href=\"javascript:void((function()%7Bvar%20e=document.createElement('script');e.setAttribute('type','text\/javascript');e.setAttribute('charset','UTF-8');e.setAttribute('src','\/\/assets.pinterest.com\/js\/pinmarklet.js?r='+Math.random()*99999999);document.body.appendChild(e)%7D)());\"><img decoding=\"async\" src=\"http:\/\/lexpertjournal.net\/fr\/wp-content\/plugins\/simple-share-buttons-adder\/buttons\/somacro\/pinterest.png\" title=\"Pinterest\" class=\"ssba ssba-img c1\" alt=\"Pin on Pinterest\"\/><\/a><\/p>\n<p><a data-site=\"\" class=\"ssba_twitter_share\" href=\"http:\/\/twitter.com\/share?url=http:\/\/lexpertjournal.net\/fr\/2020\/02\/26\/modernisation-du-canal-medjerda-pret-de-275-millions-deuros-de-la-kfw\/&#038;text=Modernisation%20du%20canal%20Medjerda%20%3A%20Pr%C3%AAt%20de%2027%2C5%20millions%20d%E2%80%99euros%20de%20la%20KFW%20\" target=\"\"_blank\"\"><img decoding=\"async\" src=\"http:\/\/lexpertjournal.net\/fr\/wp-content\/plugins\/simple-share-buttons-adder\/buttons\/somacro\/twitter.png\" title=\"Twitter\" class=\"ssba ssba-img c1\" alt=\"Tweet about this on Twitter\"\/><\/a><\/p>\n<p><a data-site=\"linkedin\" class=\"ssba_linkedin_share ssba_share_link\" href=\"http:\/\/www.linkedin.com\/shareArticle?mini=true&#038;url=http:\/\/lexpertjournal.net\/fr\/2020\/02\/26\/modernisation-du-canal-medjerda-pret-de-275-millions-deuros-de-la-kfw\/\" target=\"\"_blank\"\"><img decoding=\"async\" src=\"http:\/\/lexpertjournal.net\/fr\/wp-content\/plugins\/simple-share-buttons-adder\/buttons\/somacro\/linkedin.png\" title=\"LinkedIn\" class=\"ssba ssba-img c1\" alt=\"Share on LinkedIn\"\/><\/a><\/p>\n<\/div>\n<p>Auteur: L&rsquo;expert<br \/>\n<a href=\"http:\/\/lexpertjournal.net\/fr\/2020\/02\/26\/modernisation-du-canal-medjerda-pret-de-275-millions-deuros-de-la-kfw\/\">Cliquez ici pour lire l&rsquo;article depuis sa source.<\/a><\/p>\n","protected":false},"excerpt":{"rendered":"<p>Un accord de financement de 27,5 millions d\u2019euros (soit l\u2019\u00e9quivalent de 85,4 millions de dinars) a \u00e9t\u00e9 sign\u00e9, mardi, entre la Banque allemande de d\u00e9veloppement(KfW) et le Gouvernement Tunisien, au Minist\u00e8re des Affaires Etrang\u00e8res. Selon un communiqu\u00e9 publi\u00e9 par le bureau de la KfW en Tunisie, l\u2019accord vise \u00e0 mettre en \u0153uvre les composantes de [&hellip;]<\/p>\n","protected":false},"author":1775,"featured_media":0,"comment_status":"closed","ping_status":"closed","sticky":false,"template":"","format":"standard","meta":{"fifu_image_url":"","fifu_image_alt":"","footnotes":""},"categories":[78,55],"tags":[],"class_list":["post-77297","post","type-post","status-publish","format-standard","hentry","category-economie","category-tunisie"],"_links":{"self":[{"href":"https:\/\/linitiative.ca\/International\/wp-json\/wp\/v2\/posts\/77297","targetHints":{"allow":["GET"]}}],"collection":[{"href":"https:\/\/linitiative.ca\/International\/wp-json\/wp\/v2\/posts"}],"about":[{"href":"https:\/\/linitiative.ca\/International\/wp-json\/wp\/v2\/types\/post"}],"author":[{"embeddable":true,"href":"https:\/\/linitiative.ca\/International\/wp-json\/wp\/v2\/users\/1775"}],"replies":[{"embeddable":true,"href":"https:\/\/linitiative.ca\/International\/wp-json\/wp\/v2\/comments?post=77297"}],"version-history":[{"count":0,"href":"https:\/\/linitiative.ca\/International\/wp-json\/wp\/v2\/posts\/77297\/revisions"}],"wp:attachment":[{"href":"https:\/\/linitiative.ca\/International\/wp-json\/wp\/v2\/media?parent=77297"}],"wp:term":[{"taxonomy":"category","embeddable":true,"href":"https:\/\/linitiative.ca\/International\/wp-json\/wp\/v2\/categories?post=77297"},{"taxonomy":"post_tag","embeddable":true,"href":"https:\/\/linitiative.ca\/International\/wp-json\/wp\/v2\/tags?post=77297"}],"curies":[{"name":"wp","href":"https:\/\/api.w.org\/{rel}","templated":true}]}}