{"id":77298,"date":"2020-02-26T13:00:46","date_gmt":"2020-02-26T18:00:46","guid":{"rendered":"https:\/\/linitiative.ca\/International\/skikda-12-poetes-a-la-6e-edition-du-concours-fares-el-kaouafi\/"},"modified":"2020-02-26T13:00:46","modified_gmt":"2020-02-26T18:00:46","slug":"skikda-12-poetes-a-la-6e-edition-du-concours-fares-el-kaouafi","status":"publish","type":"post","link":"https:\/\/linitiative.ca\/International\/skikda-12-poetes-a-la-6e-edition-du-concours-fares-el-kaouafi\/","title":{"rendered":"Skikda: 12 po\u00e8tes \u00e0 la\u00a0 6e \u00e9dition du concours \u00ab\u00a0Far\u00e8s El Kaouafi\u00a0\u00bb"},"content":{"rendered":"<div readability=\"37\">\n<p><strong>SKIKDA &#8211; Le coup d\u2019envoi de la sixi\u00e8me \u00e9dition du concours de po\u00e9sie \u00ab\u00a0Far\u00e8s El Kaouafi\u00a0\u00bb a \u00e9t\u00e9 donn\u00e9, mardi, \u00e0 la Maison de la culture \u00ab\u00a0Mohamed Siradj\u00a0\u00bb de la ville de Skikda, avec la participation de 12 po\u00e8tes.<\/strong><\/p>\n<\/div>\n<div readability=\"72.5\">\n<p>Ce concours, organis\u00e9 sous le slogan \u00ab\u00a0Avec la po\u00e9sie, nous jouons la m\u00e9lodie de la vie\u00a0\u00bb, comprend deux tours \u00e9liminatoires \u00e0 l\u2019issue desquelles les laur\u00e9ats seront s\u00e9lectionn\u00e9s et connus le 17 mars prochain \u00e0 l\u2019occasion de la c\u00e9l\u00e9bration de la f\u00eate de la victoire (19 mars), a affirm\u00e9, \u00e0 l\u2019APS, Zidane Meghlaoui, directeur de la Maison de la culture.<\/p>\n<blockquote readability=\"12\">\n<p><em><strong>M.Meghlaoui a soulign\u00e9, \u00e9galement, que ce concours vise \u00e0 \u00ab\u00a0d\u00e9couvrir les talents et de jeunes plumes cr\u00e9atives dans le domaine litt\u00e9raire en g\u00e9n\u00e9ral et de la po\u00e9sie en particulier, en plus de faire connaitre des \u0153uvres de litt\u00e9rature, mettre en valeur le talent de leurs auteurs et les motiver pour qu\u2019ils d\u00e9veloppent leur cr\u00e9ativit\u00e9\u00a0\u00bb.<\/strong><\/em><\/p>\n<\/blockquote>\n<p>Il s\u2019agit, souligne-t-il, en outre de \u00ab\u00a0contribuer au d\u00e9veloppement des tendances litt\u00e9raires des jeunes et de les cultiver \u00e0 l&rsquo;avenir, mais aussi de cr\u00e9er une passerelle de communication et d\u2019\u00e9changes entre les auteurs pour dynamiser la po\u00e9sie en arabe classique et la promouvoir\u00a0\u00bb.<\/p>\n<p>Selon le m\u00eame responsable, ce concours est ouvert aux po\u00e8tes de la wilaya de Skikda n\u2019exc\u00e9dant pas 30 ans, ajoutant que les po\u00e8mes retenus doivent \u00eatre \u00e9crits en arabe classique et n\u2019ayant pas remport\u00e9 de prix auparavant.<\/p>\n<p>Le concours sera supervis\u00e9 par un jury compos\u00e9 de po\u00e8tes et d\u2019enseignants universitaires et sera pr\u00e9sid\u00e9 par Rabah Douas, en plus de Abdeslam Djaghdir et Riyad Massis.<\/p>\n<p>Dans une d\u00e9claration \u00e0 l\u2019APS, M. Douas a indiqu\u00e9 que \u00ab\u00a0le jury \u00e9valuera les po\u00e8mes des participants en s\u2019appuyant sur plusieurs crit\u00e8res tels que la sonorit\u00e9 des rimes, l\u2019emploi de l&rsquo;image po\u00e9tique, le choix du lexique po\u00e9tique, la construction et le style du po\u00e8me en sus du bon usage des r\u00e8gles grammaticales et de conjugaison et la mani\u00e8re de r\u00e9citer les vers\u00a0\u00bb.<\/p>\n<\/div>\n<p>Auteur:<br \/>\n<a href=\"http:\/\/www.aps.dz\/culture\/102186-skikda-12-poetes-a-la-6e-edition-du-concours-fares-el-kaouafi\">Cliquez ici pour lire l&rsquo;article depuis sa source.<\/a><\/p>\n","protected":false},"excerpt":{"rendered":"<p>SKIKDA &#8211; Le coup d\u2019envoi de la sixi\u00e8me \u00e9dition du concours de po\u00e9sie \u00ab\u00a0Far\u00e8s El Kaouafi\u00a0\u00bb a \u00e9t\u00e9 donn\u00e9, mardi, \u00e0 la Maison de la culture \u00ab\u00a0Mohamed Siradj\u00a0\u00bb de la ville de Skikda, avec la participation de 12 po\u00e8tes. Ce concours, organis\u00e9 sous le slogan \u00ab\u00a0Avec la po\u00e9sie, nous jouons la m\u00e9lodie de la vie\u00a0\u00bb, [&hellip;]<\/p>\n","protected":false},"author":1790,"featured_media":0,"comment_status":"closed","ping_status":"closed","sticky":false,"template":"","format":"standard","meta":{"fifu_image_url":"","fifu_image_alt":"","footnotes":""},"categories":[53,79],"tags":[],"class_list":["post-77298","post","type-post","status-publish","format-standard","hentry","category-algerie","category-culture"],"_links":{"self":[{"href":"https:\/\/linitiative.ca\/International\/wp-json\/wp\/v2\/posts\/77298","targetHints":{"allow":["GET"]}}],"collection":[{"href":"https:\/\/linitiative.ca\/International\/wp-json\/wp\/v2\/posts"}],"about":[{"href":"https:\/\/linitiative.ca\/International\/wp-json\/wp\/v2\/types\/post"}],"author":[{"embeddable":true,"href":"https:\/\/linitiative.ca\/International\/wp-json\/wp\/v2\/users\/1790"}],"replies":[{"embeddable":true,"href":"https:\/\/linitiative.ca\/International\/wp-json\/wp\/v2\/comments?post=77298"}],"version-history":[{"count":0,"href":"https:\/\/linitiative.ca\/International\/wp-json\/wp\/v2\/posts\/77298\/revisions"}],"wp:attachment":[{"href":"https:\/\/linitiative.ca\/International\/wp-json\/wp\/v2\/media?parent=77298"}],"wp:term":[{"taxonomy":"category","embeddable":true,"href":"https:\/\/linitiative.ca\/International\/wp-json\/wp\/v2\/categories?post=77298"},{"taxonomy":"post_tag","embeddable":true,"href":"https:\/\/linitiative.ca\/International\/wp-json\/wp\/v2\/tags?post=77298"}],"curies":[{"name":"wp","href":"https:\/\/api.w.org\/{rel}","templated":true}]}}