{"id":77300,"date":"2020-02-26T13:00:58","date_gmt":"2020-02-26T18:00:58","guid":{"rendered":"https:\/\/linitiative.ca\/International\/tizi-ouzou-mouloud-mammeri-fondateur-de-lanthropologie-algerienne\/"},"modified":"2020-02-26T13:00:58","modified_gmt":"2020-02-26T18:00:58","slug":"tizi-ouzou-mouloud-mammeri-fondateur-de-lanthropologie-algerienne","status":"publish","type":"post","link":"https:\/\/linitiative.ca\/International\/tizi-ouzou-mouloud-mammeri-fondateur-de-lanthropologie-algerienne\/","title":{"rendered":"Tizi-Ouzou: Mouloud Mammeri, fondateur de l\u2019anthropologie alg\u00e9rienne"},"content":{"rendered":"<div readability=\"41\">\n<p><strong>TIZI-OUZOU- Le chercheur, \u00e9crivain, linguiste, dramaturge et po\u00e8te, Mouloud Mammeri (1917\/1983) est le fondateur de l\u2019anthropologie alg\u00e9rienne, a indiqu\u00e9 mardi \u00e0 Tizi-Ouzou le professeur en arch\u00e9ologie et directeur du Centre r\u00e9gional pour la sauvegarde du patrimoine culturel immat\u00e9riel en Afrique (CRESPIAF), Slimane Hachi.<\/strong><\/p>\n<\/div>\n<div readability=\"66.5731210663\">\n<p>Le sp\u00e9cialiste, qui a anim\u00e9 \u00e0 la biblioth\u00e8que Amar-Ousaid Boulifa de la maison de la culture de Tizi-Ouzou, une conf\u00e9rence d\u00e9bat sous le th\u00e8me \u2018\u2019Mouloud Mammeri au service de la recherche \u00e0 travers la gestion du centre de recherche anthropologique, pr\u00e9historique et ethnographique d\u2019Alger ( ex CRAPE)\u2019\u2019, a soulign\u00e9 l\u2019apport de ce d\u00e9funt chercheur \u00e0 la pr\u00e9servation de l\u2019h\u00e9ritage culturel alg\u00e9rien, ajoutant\u00a0 que Mammeri a fond\u00e9 l\u2019anthropologie alg\u00e9rienne avec ses travaux \u00e0 Timimoun.<\/p>\n<blockquote readability=\"12\">\n<p><strong><em>Par le travail de recherche qu\u2019il a effectu\u00e9 sur le Gourara (pratiques agricoles, po\u00e9sie, rituels f\u00eates) et dont la fameux Ahelil de Gourara class\u00e9 patrimoine culturel immat\u00e9riel de l\u2019humanit\u00e9, Mammeri a mis en place une m\u00e9thodologie de travail exportable et extensible \u00e0 tous les groupes et pays, a-t-il relev\u00e9.<\/em><\/strong><\/p>\n<\/blockquote>\n<p>En outre Pr. Hachi a relev\u00e9 que Mouloud Mammeri a eu le m\u00e9rite d\u2019avoir \u00a0\u00bbalg\u00e9rianis\u00e9\u00a0\u00bb l\u2019ex CRAPE dont il \u00e9tait le directeur en succession \u00e0 Gabriel Camps, et ce en recrutant \u00e0 partir du milieu des ann\u00e9es 1970 et jusqu\u2019en 1980, des jeunes alg\u00e9riens dipl\u00f4m\u00e9s en sciences humaines (toutes disciplines confondues) qu\u2019il a envoy\u00e9 en formation et perfectionnement \u00e0 l\u2019\u00e9tranger.<\/p>\n<hr\/>\n<h3>Lire aussi:<a href=\"http:\/\/www.aps.dz\/culture\/86188-le-role-de-mammeri-dans-la-sauvegarde-du-patrimoine-culturel-amazigh-souligne-a-tizi-ouzou\">Le r\u00f4le de\u00a0<span class=\"highlight\">Mammeri<\/span>\u00a0dans la sauvegarde du patrimoine culturel amazigh soulign\u00e9 \u00e0 Tizi-Ouzou<\/a><\/h3>\n<hr\/>\n<p>Cette conf\u00e9rence a \u00e9t\u00e9 organis\u00e9e par la direction locale de la culture dans le cadre de la comm\u00e9moration du 31\u00e8me anniversaire de la disparition de Mouloud Mammeri, en \u2018\u2019reconnaissance de son parcours et de l&rsquo;apport de son \u0153uvre monumentale dans la connaissance de notre histoire et la reconstitution de notre m\u00e9moire collective\u2019\u2019 indiqu\u00e9 la directrice de la culture, Nabila Goumeziane dans son allocution d\u2019ouverture.<\/p>\n<blockquote readability=\"10\">\n<p><strong><em>Cette comm\u00e9moration a \u00e9t\u00e9 marqu\u00e9e par la pr\u00e9sence de lyc\u00e9ens (lyc\u00e9e El Khansa)est une occasion pour \u2018\u2019passer en revue son \u0153uvre qui m\u00e9riterait d&rsquo;\u00eatre mieux connue par le grand public et \u00e0 l&rsquo;int\u00e9rieur du syst\u00e8me \u00e9ducatif et de l&rsquo;enseignement en faisant apprendre \u00e0 nos enfants cette contribution majeure, \u00e0 la culture alg\u00e9rienne et universelle que sont les romans, les essais et les po\u00e8mes qu&rsquo;il a collect\u00e9s\u2019\u2019 a-t-elle ajout\u00e9.<\/em><\/strong><\/p>\n<\/blockquote>\n<p>Cette activit\u00e9 qui rentre dans le cadre de la Premi\u00e8re journ\u00e9e patrimoniale initi\u00e9e par cette m\u00eame direction de la culture, a \u00e9t\u00e9 marqu\u00e9e par le lancement du programme culturel de la comm\u00e9moration du 31eme anniversaire de la disparition de Mouloud Mammeri qui s\u2019\u00e9talera jusqu\u2019au 28 de ce mois ou un recueillement sur la tombe du d\u00e9funt anthropologue, enterr\u00e9 dans son village natal Taourirt Mimoune dans la commune de Beni yenni sera organis\u00e9.<\/p>\n<\/div>\n<p>Auteur:<br \/>\n<a href=\"http:\/\/www.aps.dz\/culture\/102209-tizi-ouzou-mouloud-mammeri-fondateur-de-l-anthropologie-algerienne\">Cliquez ici pour lire l&rsquo;article depuis sa source.<\/a><\/p>\n","protected":false},"excerpt":{"rendered":"<p>TIZI-OUZOU- Le chercheur, \u00e9crivain, linguiste, dramaturge et po\u00e8te, Mouloud Mammeri (1917\/1983) est le fondateur de l\u2019anthropologie alg\u00e9rienne, a indiqu\u00e9 mardi \u00e0 Tizi-Ouzou le professeur en arch\u00e9ologie et directeur du Centre r\u00e9gional pour la sauvegarde du patrimoine culturel immat\u00e9riel en Afrique (CRESPIAF), Slimane Hachi. Le sp\u00e9cialiste, qui a anim\u00e9 \u00e0 la biblioth\u00e8que Amar-Ousaid Boulifa de la [&hellip;]<\/p>\n","protected":false},"author":1790,"featured_media":0,"comment_status":"closed","ping_status":"closed","sticky":false,"template":"","format":"standard","meta":{"fifu_image_url":"","fifu_image_alt":"","footnotes":""},"categories":[53,79],"tags":[],"class_list":["post-77300","post","type-post","status-publish","format-standard","hentry","category-algerie","category-culture"],"_links":{"self":[{"href":"https:\/\/linitiative.ca\/International\/wp-json\/wp\/v2\/posts\/77300","targetHints":{"allow":["GET"]}}],"collection":[{"href":"https:\/\/linitiative.ca\/International\/wp-json\/wp\/v2\/posts"}],"about":[{"href":"https:\/\/linitiative.ca\/International\/wp-json\/wp\/v2\/types\/post"}],"author":[{"embeddable":true,"href":"https:\/\/linitiative.ca\/International\/wp-json\/wp\/v2\/users\/1790"}],"replies":[{"embeddable":true,"href":"https:\/\/linitiative.ca\/International\/wp-json\/wp\/v2\/comments?post=77300"}],"version-history":[{"count":0,"href":"https:\/\/linitiative.ca\/International\/wp-json\/wp\/v2\/posts\/77300\/revisions"}],"wp:attachment":[{"href":"https:\/\/linitiative.ca\/International\/wp-json\/wp\/v2\/media?parent=77300"}],"wp:term":[{"taxonomy":"category","embeddable":true,"href":"https:\/\/linitiative.ca\/International\/wp-json\/wp\/v2\/categories?post=77300"},{"taxonomy":"post_tag","embeddable":true,"href":"https:\/\/linitiative.ca\/International\/wp-json\/wp\/v2\/tags?post=77300"}],"curies":[{"name":"wp","href":"https:\/\/api.w.org\/{rel}","templated":true}]}}