{"id":77308,"date":"2020-02-26T03:30:57","date_gmt":"2020-02-26T08:30:57","guid":{"rendered":"https:\/\/linitiative.ca\/International\/botola-pro-d1-17e-journee-ocs-as-far-dos-a-dos-1-1\/"},"modified":"2020-02-26T03:30:57","modified_gmt":"2020-02-26T08:30:57","slug":"botola-pro-d1-17e-journee-ocs-as-far-dos-a-dos-1-1","status":"publish","type":"post","link":"https:\/\/linitiative.ca\/International\/botola-pro-d1-17e-journee-ocs-as-far-dos-a-dos-1-1\/","title":{"rendered":"Botola Pro D1 (17\u00e8 journ\u00e9e) : OCS-AS FAR dos \u00e0 dos (1-1)"},"content":{"rendered":"<div class=\"single-featured\"><img alt=\"\" data-src=\"http:\/\/www.mapmarrakech.ma\/map\/uploads\/2020\/01\/OCS-copier-1.jpg\"\/><\/div>\n<div class=\"single-post-excerpt post-excerpt-bc\" readability=\"35\">\n<p>Safi \u2013 L\u2019Olympic de Safi et l\u2019AS FAR se sont neutralis\u00e9s (1-1), mardi au stade El Massira, en match comptant pour la 17\u00e8 journ\u00e9e de Botola Pro D1.<\/p>\n<\/div>\n<div class=\"entry-content clearfix single-post-content\" readability=\"53\">\n<p>Gr\u00e2ce \u00e0 un but de l\u2019Ivoirien Joseph Konadu Guede (33\u00e8), les Militaires ont pris l\u2019avantage et se dirigeaient vers une victoire sur la pelouse des\u00a0safiots qui obtiennent un penalty \u00e0 six minutes de la fin de la rencontre, victorieusement transform\u00e9 par Hamza Khabba.<\/p>\n<p>Les Militaires auraient pu d\u00e9crocher la troisi\u00e8me marche du podium en cas de victoire, mais se sont content\u00e9s d\u2019un point qui les place \u00e0 la 4\u00e8 position avec un total de 29 unit\u00e9s, derri\u00e8re le Wydad (1er, 33 pts), la Renaissance de Berkane (2\u00e8, 32 pts) et le Mouloudia d\u2019Oujda (3\u00e8, 30 pts).<\/p>\n<p>Les\u00a0Safiots se hissent, pour leur part, \u00e0 la dixi\u00e8me position du classement avec 20 unit\u00e9s, aux c\u00f4t\u00e9s de la Renaissance de Zemamra.<\/p>\n<\/div>\n<p>Auteur: Mohammed KOURSI<br \/>\n<a href=\"http:\/\/www.mapmarrakech.ma\/fr\/botola-pro-d1-17e-journee-ocs-as-far-dos-a-dos-1-1\/\">Cliquez ici pour lire l&rsquo;article depuis sa source.<\/a><\/p>\n","protected":false},"excerpt":{"rendered":"<p>Safi \u2013 L\u2019Olympic de Safi et l\u2019AS FAR se sont neutralis\u00e9s (1-1), mardi au stade El Massira, en match comptant pour la 17\u00e8 journ\u00e9e de Botola Pro D1. Gr\u00e2ce \u00e0 un but de l\u2019Ivoirien Joseph Konadu Guede (33\u00e8), les Militaires ont pris l\u2019avantage et se dirigeaient vers une victoire sur la pelouse des\u00a0safiots qui obtiennent [&hellip;]<\/p>\n","protected":false},"author":1788,"featured_media":77309,"comment_status":"closed","ping_status":"closed","sticky":false,"template":"","format":"standard","meta":{"fifu_image_url":"","fifu_image_alt":"","footnotes":""},"categories":[54,76],"tags":[],"class_list":["post-77308","post","type-post","status-publish","format-standard","has-post-thumbnail","hentry","category-maroc","category-regions"],"_links":{"self":[{"href":"https:\/\/linitiative.ca\/International\/wp-json\/wp\/v2\/posts\/77308","targetHints":{"allow":["GET"]}}],"collection":[{"href":"https:\/\/linitiative.ca\/International\/wp-json\/wp\/v2\/posts"}],"about":[{"href":"https:\/\/linitiative.ca\/International\/wp-json\/wp\/v2\/types\/post"}],"author":[{"embeddable":true,"href":"https:\/\/linitiative.ca\/International\/wp-json\/wp\/v2\/users\/1788"}],"replies":[{"embeddable":true,"href":"https:\/\/linitiative.ca\/International\/wp-json\/wp\/v2\/comments?post=77308"}],"version-history":[{"count":0,"href":"https:\/\/linitiative.ca\/International\/wp-json\/wp\/v2\/posts\/77308\/revisions"}],"wp:featuredmedia":[{"embeddable":true,"href":"https:\/\/linitiative.ca\/International\/wp-json\/"}],"wp:attachment":[{"href":"https:\/\/linitiative.ca\/International\/wp-json\/wp\/v2\/media?parent=77308"}],"wp:term":[{"taxonomy":"category","embeddable":true,"href":"https:\/\/linitiative.ca\/International\/wp-json\/wp\/v2\/categories?post=77308"},{"taxonomy":"post_tag","embeddable":true,"href":"https:\/\/linitiative.ca\/International\/wp-json\/wp\/v2\/tags?post=77308"}],"curies":[{"name":"wp","href":"https:\/\/api.w.org\/{rel}","templated":true}]}}