{"id":77310,"date":"2020-02-26T08:49:53","date_gmt":"2020-02-26T13:49:53","guid":{"rendered":"https:\/\/linitiative.ca\/International\/programme-apni-plaidoyer-en-faveur-dun-reseau-de-recherche\/"},"modified":"2020-02-26T08:49:53","modified_gmt":"2020-02-26T13:49:53","slug":"programme-apni-plaidoyer-en-faveur-dun-reseau-de-recherche","status":"publish","type":"post","link":"https:\/\/linitiative.ca\/International\/programme-apni-plaidoyer-en-faveur-dun-reseau-de-recherche\/","title":{"rendered":"Programme APNI: Plaidoyer en faveur d\u2019un r\u00e9seau de recherche"},"content":{"rendered":"<div readability=\"37\">\n<p>Marrakech- Les participants \u00e0 la 1\u00e8re r\u00e9union annuelle du programme Afrique du Nord de l\u2019Institut Africain de la Nutrition des Plantes (Africa Plant Nutrition Institute\/APNI), dont les travaux ont pris fin mardi \u00e0 Marrakech, ont plaid\u00e9 en faveur du d\u00e9veloppement d\u2019un r\u00e9seau de recherche dans le but de promouvoir les meilleures pratiques de la gestion de la nutrition des plantes.<\/p>\n<\/div>\n<div readability=\"93\">\n<p>Les intervenants \u00e0 cette rencontre, de deux jours, marqu\u00e9e par la participation d\u2019experts issus du Maroc, de Tunisie, de l\u2019Alg\u00e9rie, de la Mauritanie et du S\u00e9n\u00e9gal, ont soulign\u00e9 que l\u2019APNI est appel\u00e9 \u00e0 continuer \u00e0 appuyer les programmes de l\u2019olivier au Maroc et en Tunisie, les programmes relatifs au bl\u00e9, les l\u00e9gumineuses, le palmier- dattier et les agrumes au Maroc, ainsi que le programme du ma\u00efs au S\u00e9n\u00e9gal et celui du riz en Mauritanie.<\/p>\n<p>Cette rencontre a offert l\u2019opportunit\u00e9 aux participants de s\u2019enqu\u00e9rir des travaux de recherche sur la nutrition des plantes pour diff\u00e9rentes cultures et d\u2019\u00e9laborer une nouvelle strat\u00e9gie visant l\u2019am\u00e9lioration de la production agricole, \u00e0 travers de meilleures pratiques de gestion des \u00e9l\u00e9ments nutritifs.<\/p>\n<p>Il s\u2019agit aussi de partager et d\u2019\u00e9valuer les r\u00e9sultats des recherches dans le cadre du programme APNI de l\u2019Afrique du Nord et de faire un suivi afin d\u2019\u00e9laborer un programme futur et d\u2019aboutir \u00e0 des recommandations pour une meilleure gestion des \u00e9l\u00e9ments nutritifs en fonction des crit\u00e8res r\u00e9gionaux et du changement climatique.<\/p>\n<p>Les participants \u00e0 cette r\u00e9union ont d\u00e9battu de th\u00e9matiques se rapportant notamment, aux projets li\u00e9s respectivement au palmier dattier, aux agrumes, \u00e0 l\u2019olive et au bio- bl\u00e9 au Maroc, outre le projet ol\u00e9icole en Tunisie, le projet de ma\u00efs au S\u00e9n\u00e9gal, le projet bio-bl\u00e9 en Mauritanie, et du projet du bl\u00e9 en Tunisie, avec un focus sur leurs r\u00e9sultats et activit\u00e9s.<\/p>\n<p>L\u2019accent a \u00e9t\u00e9 mis aussi sur \u00ab\u00a0le plan de travail du projet olive au Maroc et en Tunisie\u00a0\u00bb, \u00ab\u00a0le plan de travail du projet d\u2019agrumes au Maroc\u00a0\u00bb, \u00ab\u00a0le plan de travail projet lentilles au Maroc\u00a0\u00bb, \u00ab\u00a0le plan de travail projet ma\u00efs au S\u00e9n\u00e9gal\u00a0\u00bb et \u00ab\u00a0le plan de travail projet bl\u00e9 au Maroc et en Mauritanie\u00a0\u00bb.<\/p>\n<p>Constitu\u00e9 d\u2019une \u00e9quipe de recherche multinationale, l\u2019APNI a vu le jour en mars dernier et dispose d\u2019un si\u00e8ge au sein de l\u2019Universit\u00e9 Polytechnique Mohammed VI de B\u00e9ngurir.<\/p>\n<p>En tant qu\u2019Institut leader en Afrique dans le domaine de la nutrition des plantes et la fertilisation, l\u2019APNI a pour vocation la promotion des meilleures pratiques en mati\u00e8re de gestion des \u00e9l\u00e9ments nutritifs pour l\u2019am\u00e9lioration de la production agricole.<\/p>\n<p>L\u2019APNI est pr\u00e9sent en Afrique \u00e0 travers trois antennes, \u00e0 savoir celle bas\u00e9e \u00e0 Settat couvrant la r\u00e9gion de l\u2019Afrique du Nord, celle de Yamossoukro en C\u00f4te d\u2019Ivoire pour la R\u00e9gion de l\u2019Afrique de l\u2019Ouest, et celle de Nairobi au Kenya pour l\u2019Afrique de l\u2019Est.<\/p>\n<\/div>\n<p>Auteur: Mohammed KOURSI<br \/>\n<a href=\"http:\/\/www.mapmarrakech.ma\/fr\/programme-apni-plaidoyer-en-faveur-dun-reseau-de-recherche\/\">Cliquez ici pour lire l&rsquo;article depuis sa source.<\/a><\/p>\n","protected":false},"excerpt":{"rendered":"<p>Marrakech- Les participants \u00e0 la 1\u00e8re r\u00e9union annuelle du programme Afrique du Nord de l\u2019Institut Africain de la Nutrition des Plantes (Africa Plant Nutrition Institute\/APNI), dont les travaux ont pris fin mardi \u00e0 Marrakech, ont plaid\u00e9 en faveur du d\u00e9veloppement d\u2019un r\u00e9seau de recherche dans le but de promouvoir les meilleures pratiques de la gestion [&hellip;]<\/p>\n","protected":false},"author":1788,"featured_media":0,"comment_status":"closed","ping_status":"closed","sticky":false,"template":"","format":"standard","meta":{"fifu_image_url":"","fifu_image_alt":"","footnotes":""},"categories":[54,76],"tags":[],"class_list":["post-77310","post","type-post","status-publish","format-standard","hentry","category-maroc","category-regions"],"_links":{"self":[{"href":"https:\/\/linitiative.ca\/International\/wp-json\/wp\/v2\/posts\/77310","targetHints":{"allow":["GET"]}}],"collection":[{"href":"https:\/\/linitiative.ca\/International\/wp-json\/wp\/v2\/posts"}],"about":[{"href":"https:\/\/linitiative.ca\/International\/wp-json\/wp\/v2\/types\/post"}],"author":[{"embeddable":true,"href":"https:\/\/linitiative.ca\/International\/wp-json\/wp\/v2\/users\/1788"}],"replies":[{"embeddable":true,"href":"https:\/\/linitiative.ca\/International\/wp-json\/wp\/v2\/comments?post=77310"}],"version-history":[{"count":0,"href":"https:\/\/linitiative.ca\/International\/wp-json\/wp\/v2\/posts\/77310\/revisions"}],"wp:attachment":[{"href":"https:\/\/linitiative.ca\/International\/wp-json\/wp\/v2\/media?parent=77310"}],"wp:term":[{"taxonomy":"category","embeddable":true,"href":"https:\/\/linitiative.ca\/International\/wp-json\/wp\/v2\/categories?post=77310"},{"taxonomy":"post_tag","embeddable":true,"href":"https:\/\/linitiative.ca\/International\/wp-json\/wp\/v2\/tags?post=77310"}],"curies":[{"name":"wp","href":"https:\/\/api.w.org\/{rel}","templated":true}]}}