{"id":77311,"date":"2020-02-26T11:16:43","date_gmt":"2020-02-26T16:16:43","guid":{"rendered":"https:\/\/linitiative.ca\/International\/entrepreneuriat-appel-a-integrer-la-dimension-environnementale\/"},"modified":"2020-02-26T11:16:43","modified_gmt":"2020-02-26T16:16:43","slug":"entrepreneuriat-appel-a-integrer-la-dimension-environnementale","status":"publish","type":"post","link":"https:\/\/linitiative.ca\/International\/entrepreneuriat-appel-a-integrer-la-dimension-environnementale\/","title":{"rendered":"Entrepreneuriat: Appel \u00e0 int\u00e9grer la dimension environnementale"},"content":{"rendered":"<div readability=\"36\">\n<p>Marrakech-Les participants \u00e0 la 4\u00e8me \u00e9dition du African Business &#038; Social Responsibility Forum ont soulign\u00e9, mercredi \u00e0 Marrakech, la n\u00e9cessit\u00e9 d\u2019int\u00e9grer la dimension environnementale dans la d\u00e9marche entrepreneuriale en Afrique.<\/p>\n<\/div>\n<div readability=\"122\">\n<p>Pour faire face aux mutations soci\u00e9tales et aux impacts du\u00a0r\u00e9chauffement climatique, comme \u00e9tant une source de menace pour la p\u00e9rennit\u00e9 de l\u2019activit\u00e9 \u00e9conomique, les entreprises africaines sont appel\u00e9es \u00e0 adopter le principe de la responsabilit\u00e9 sociale de l\u2019entreprise (RSE), ont relev\u00e9 les intervenants \u00e0 ce Forum plac\u00e9 sous le th\u00e8me\u00a0\u00a0\u00ab\u00a0L\u2019agriculture, l\u2019entrepreneuriat et le changement climatique\u00a0\u00bb.<\/p>\n<p>En int\u00e9grant la RSE dans leur gouvernance, les entreprises adopteront des pratiques plus respectueuses\u00a0de l\u2019environnement et qui ont\u00a0un impact positif sur la soci\u00e9t\u00e9 dans le but d\u2019atteindre le d\u00e9veloppement durable,\u00a0ont-ils estim\u00e9, mettant en relief l\u2019importance de lib\u00e9rer le potentiel RSE des entreprises africaines.<\/p>\n<p>Propuls\u00e9 au-devant de la sc\u00e8ne par plusieurs d\u00e9fis, dont notamment le ch\u00f4mage de masse, l\u2019entrepreneuriat en Afrique doit inventer ses mod\u00e8les\u00a0op\u00e9ratoires pour r\u00e9pondre aux diff\u00e9rents enjeux territoriaux, ont-ils insist\u00e9.<\/p>\n<p>L\u2019appropriation par les start-up africaines des multiples opportunit\u00e9s qu\u2019offre la quatri\u00e8me r\u00e9volution industrielle est une r\u00e9ponse efficiente au d\u00e9fi climatique et \u00e0 la transformation de l\u2019agriculture en Afrique, ont-ils indiqu\u00e9.<\/p>\n<p>Selon les participants, les grandes entreprises, les organisations \u00e9tatiques et multilat\u00e9rales doivent travailler en plateforme collaborative pour cr\u00e9er un \u00e9cosyst\u00e8me qui promeut le partage de la valeur et inscrit l\u2019innovation entrepreneuriale sur le long terme.<\/p>\n<p>C\u2019est dans ce cadre que s\u2019inscrit l\u2019initiative \u00ab\u00a0Les entreprises africaines pour un avenir durable\u00a0\u00bb qui sera lanc\u00e9e lors de cet \u00e9v\u00e9nement de grande envergure, ont-ils fait savoir, notant que cette initiative qui met l\u2019accent sur le changement climatique encourage les entreprises \u00e0 int\u00e9grer dans leurs strat\u00e9gies le partage d\u2019exp\u00e9riences en mati\u00e8re de protection de l\u2019environnement.<\/p>\n<p>Par ailleurs, ils ont mis en avant la\u00a0position de leader qu\u2019occupe le Maroc au niveau du Continent africain et du monde arabe en mati\u00e8re de protection de l\u2019environnement, ajoutant que la COP22 a confirm\u00e9 une fois de plus, la place de l\u2019Afrique dans l\u2019universalit\u00e9 de la comp\u00e9tence et la prise de d\u00e9cision.<\/p>\n<p>Initi\u00e9 par Latitude Monde, en partenariat avec la Fondation Ameenah Gurib-Fakim, ce Forum est devenu une force de proposition pour dynamiser l\u2019\u00e9cosyst\u00e8me du d\u00e9veloppement durable en Afrique, en permettant de valoriser et d\u2019am\u00e9liorer les politiques RSE des PME, organisations et grandes entreprises, tout en incluant les start-up.<\/p>\n<p>Cette rencontre de deux jours vise \u00e0 nouer des partenariats avec des Institutions de financement et de d\u00e9veloppement, \u00e0 d\u00e9velopper le r\u00e9seautage avec les leaders d\u2019opinion et des d\u00e9cideurs cl\u00e9s, \u00e0 partager les\u00a0exp\u00e9riences en mati\u00e8re d\u2019engagement soci\u00e9tal et \u00e0 multiplier les rencontres B2B.<\/p>\n<p>Lors de cette \u00e9dition, les participants partageront leurs exp\u00e9riences sur les risques et opportunit\u00e9s li\u00e9s au changement climatique, la lib\u00e9ralisation du potentiel des \u00e9nergies renouvelables et l\u2019imp\u00e9ratif de la transformation agricole et le soutien de l\u2019entrepreneuriat.<\/p>\n<p>Au menu de cet \u00e9v\u00e9nement figurent plusieurs th\u00e9matiques, notamment \u00ab\u00a0Le secteur priv\u00e9 face au changement climatique: risques et opportunit\u00e9s\u00a0\u00bb, \u00ab\u00a0Le r\u00f4le du capital humain dans la d\u00e9marche RSE\u00a0\u00bb, \u00ab\u00a0Le r\u00e9seautage\u00a0\u00bb, \u00ab\u00a0Comment lib\u00e9rer le potentiel des \u00e9nergies renouvelables en Afrique?\u00a0\u00bb, \u00a0\u00bb La transformation de l\u2019agriculture africaine: un imp\u00e9ratif pour assurer la s\u00e9curit\u00e9 alimentaire du Continent\u00a0\u00bb, \u00ab\u00a0La force des \u00e9cosyst\u00e8mes : d\u2019une logique de comp\u00e9tition \u00e0 une logique de coop\u00e9tition\u00a0\u00bb, \u00ab\u00a0Quel nouveaux mod\u00e8les de partenariats public-priv\u00e9 pour un d\u00e9veloppement durable et inclusif\u00a0\u00bb et \u00ab\u00a0Les femmes et le d\u00e9veloppement durable\u00a0\u00bb.<\/p>\n<p>Plus que jamais, la collaboration, l\u2019inspiration et le partage sont au rendez-vous entre Start-up, PME, Grandes entreprises et Organisations lors de ce Forum panafricain d\u2019envergure.<\/p>\n<\/div>\n<p>Auteur: Mohammed KOURSI<br \/>\n<a href=\"http:\/\/www.mapmarrakech.ma\/fr\/appel-a-integrer-la-dimension-environnementale-dans-la-demarche-entrepreneuriale\/\">Cliquez ici pour lire l&rsquo;article depuis sa source.<\/a><\/p>\n","protected":false},"excerpt":{"rendered":"<p>Marrakech-Les participants \u00e0 la 4\u00e8me \u00e9dition du African Business &#038; Social Responsibility Forum ont soulign\u00e9, mercredi \u00e0 Marrakech, la n\u00e9cessit\u00e9 d\u2019int\u00e9grer la dimension environnementale dans la d\u00e9marche entrepreneuriale en Afrique. Pour faire face aux mutations soci\u00e9tales et aux impacts du\u00a0r\u00e9chauffement climatique, comme \u00e9tant une source de menace pour la p\u00e9rennit\u00e9 de l\u2019activit\u00e9 \u00e9conomique, les entreprises [&hellip;]<\/p>\n","protected":false},"author":1788,"featured_media":0,"comment_status":"closed","ping_status":"closed","sticky":false,"template":"","format":"standard","meta":{"fifu_image_url":"","fifu_image_alt":"","footnotes":""},"categories":[54,76],"tags":[],"class_list":["post-77311","post","type-post","status-publish","format-standard","hentry","category-maroc","category-regions"],"_links":{"self":[{"href":"https:\/\/linitiative.ca\/International\/wp-json\/wp\/v2\/posts\/77311","targetHints":{"allow":["GET"]}}],"collection":[{"href":"https:\/\/linitiative.ca\/International\/wp-json\/wp\/v2\/posts"}],"about":[{"href":"https:\/\/linitiative.ca\/International\/wp-json\/wp\/v2\/types\/post"}],"author":[{"embeddable":true,"href":"https:\/\/linitiative.ca\/International\/wp-json\/wp\/v2\/users\/1788"}],"replies":[{"embeddable":true,"href":"https:\/\/linitiative.ca\/International\/wp-json\/wp\/v2\/comments?post=77311"}],"version-history":[{"count":0,"href":"https:\/\/linitiative.ca\/International\/wp-json\/wp\/v2\/posts\/77311\/revisions"}],"wp:attachment":[{"href":"https:\/\/linitiative.ca\/International\/wp-json\/wp\/v2\/media?parent=77311"}],"wp:term":[{"taxonomy":"category","embeddable":true,"href":"https:\/\/linitiative.ca\/International\/wp-json\/wp\/v2\/categories?post=77311"},{"taxonomy":"post_tag","embeddable":true,"href":"https:\/\/linitiative.ca\/International\/wp-json\/wp\/v2\/tags?post=77311"}],"curies":[{"name":"wp","href":"https:\/\/api.w.org\/{rel}","templated":true}]}}