{"id":77319,"date":"2020-02-26T05:45:00","date_gmt":"2020-02-26T10:45:00","guid":{"rendered":"https:\/\/linitiative.ca\/International\/wikileaks-les-enjeux-du-proces-de-julian-assange\/"},"modified":"2020-02-26T05:45:00","modified_gmt":"2020-02-26T10:45:00","slug":"wikileaks-les-enjeux-du-proces-de-julian-assange","status":"publish","type":"post","link":"https:\/\/linitiative.ca\/International\/wikileaks-les-enjeux-du-proces-de-julian-assange\/","title":{"rendered":"Wikileaks: Les enjeux du proc\u00e8s de Julian Assange"},"content":{"rendered":"<p class=\"rtejustify\">L&rsquo;affaire Wikileaks a fait couler beaucoup d&rsquo;encre et m\u00eame le cin\u00e9ma s\u2019y est int\u00e9ress\u00e9. R\u00e9clam\u00e9 par la justice am\u00e9ricaine pour avoir publi\u00e9 une masse d&rsquo;informations classifi\u00e9es, le fondateur de Wikileaks Julian Assange va s&rsquo;efforcer \u00e0 partir de lundi 24 f\u00e9vrier de convaincre la justice britannique de refuser de l&rsquo;extrader vers les Etats-Unis.<\/p>\n<p class=\"rtejustify\">Il doit compara\u00eetre pour toute la semaine devant la Woolwich Crown Court, \u00e0 proximit\u00e9 de la prison de Belmarsh, au sud-est de Londres. L&rsquo;audience sera ensuite ajourn\u00e9e pour reprendre le 18 mai, pour trois semaines. La d\u00e9cision peut \u00eatre frapp\u00e9e d&rsquo;appel.<\/p>\n<p class=\"rtejustify\">Personnage controvers\u00e9, l&rsquo;Australien \u00e2g\u00e9 de 48 ans a d\u00e9clar\u00e9 lors d&rsquo;une audience pr\u00e9liminaire qu&rsquo;il refusait de se \u00absoumettre \u00e0 une extradition pour un travail de journalisme qui a r\u00e9colt\u00e9 de nombreuses r\u00e9compenses et prot\u00e9g\u00e9 beaucoup de gens\u00bb. Il risque jusqu&rsquo;\u00e0 175 ans de prison aux Etats-Unis. D&rsquo;abord poursuivi pour piratage informatique, Assange a vu s&rsquo;alourdir en mai dernier les charges pesant contre lui lorsque la justice am\u00e9ricaine l&rsquo;a inculp\u00e9 de 17 chefs suppl\u00e9mentaires, en vertu des lois anti-espionnage. Ses soutiens d\u00e9noncent dans ces poursuites un grave danger pour la libert\u00e9 de la presse.<\/p>\n<div class=\"dnd-atom-wrapper type-image context-sdl_editor_representation\" contenteditable=\"false\">\n<div class=\"dnd-drop-wrapper\">\n<div class=\"image\"><img loading=\"lazy\" decoding=\"async\" typeof=\"foaf:Image\" class=\"img-responsive\" src=\"https:\/\/www.leconomiste.com\/sites\/default\/files\/eco7\/public\/thumbnails\/image\/julian-assange-005.jpg\" width=\"800\" height=\"628\" alt=\"julian-assange-005.jpg\" title=\"julian-assange-005.jpg\"\/><\/div>\n<\/div>\n<\/div>\n<p class=\"rtejustify\">Les Etats-Unis lui reprochent notamment d&rsquo;avoir mis en danger certaines de leurs sources en publiant en 2010 sur Wikileaks 250.000 c\u00e2bles diplomatiques et 500.000 documents confidentiels portant sur les activit\u00e9s de l&rsquo;arm\u00e9e am\u00e9ricaine en Irak et en Afghanistan. Parmi ces documents figurait une vid\u00e9o montrant des civils tu\u00e9s par les tirs d&rsquo;un h\u00e9licopt\u00e8re de combat am\u00e9ricain en Irak en juillet 2007.<\/p>\n<p class=\"rtejustify\">La justice britannique va devoir d\u00e9terminer si la demande d&rsquo;extradition qui lui est soumise respecte un certain nombre de crit\u00e8res l\u00e9gaux, et notamment si elle n&rsquo;est pas disproportionn\u00e9e ou incompatible avec les droits de l&rsquo;Homme.<\/p>\n<p class=\"rtejustify\">Julian Assange est incarc\u00e9r\u00e9 dans cet \u00e9tablissement p\u00e9nitentiaire de haute s\u00e9curit\u00e9 depuis son arrestation en avril dernier dans l&rsquo;ambassade d&rsquo;Equateur. Il y avait trouv\u00e9 refuge pr\u00e8s de sept ans plus t\u00f4t, alors qu&rsquo;il craignait d&rsquo;\u00eatre extrad\u00e9 vers les Etats-Unis ou la Su\u00e8de, o\u00f9 il faisait l&rsquo;objet de poursuites pour viol. Assange a toujours rejet\u00e9 ces accusations et les poursuites ont \u00e9t\u00e9 abandonn\u00e9es il y a trois mois apr\u00e8s de multiples rebondissements.<\/p>\n<p class=\"rtejustify\">Lors d&rsquo;une ultime audience proc\u00e9durale mercredi dernier, la d\u00e9fense de Julian Assange a affirm\u00e9 que le pr\u00e9sident Donald Trump avait offert au fondateur de Wikileaks de le gracier s&rsquo;il disculpait la Russie dans une autre affaire de fuite de donn\u00e9es, celle des courriels internes du parti d\u00e9mocrate am\u00e9ricain. La Maison-Blanche a imm\u00e9diatement d\u00e9menti.<\/p>\n<blockquote readability=\"13\">\n<p class=\"rtecenter\"><strong><span>Torture psychologique<\/span><\/strong><\/p>\n<p class=\"rtejustify\">DE nombreuses voix se sont \u00e9lev\u00e9es pour d\u00e9noncer le traitement inflig\u00e9 \u00e0 Julian Assange. Le rapporteur de l&rsquo;ONU sur la torture Nils Melzer estimant en mai qu&rsquo;il pr\u00e9sentait \u00abtous les sympt\u00f4mes typiques d&rsquo;une exposition prolong\u00e9e \u00e0 la torture psychologique, une anxi\u00e9t\u00e9 chronique et des traumatismes psychologiques intenses\u00bb. Selon ses proches, son \u00e9tat de sant\u00e9 s&rsquo;est r\u00e9cemment am\u00e9lior\u00e9.<br \/>B\u00e9n\u00e9ficiant de nombreux soutiens, parmi lesquelles des organisations comme Amnesty international ou Reporters sans fronti\u00e8res, qui soulignent que le fondateur de Wikileaks a \u00abtransmis des informations d&rsquo;int\u00e9r\u00eat g\u00e9n\u00e9ral \u00e0 des journalistes\u00bb, Julian Assange veut demander l&rsquo;asile politique \u00e0 la France.<\/p>\n<\/blockquote>\n<p class=\"rtejustify\"><em>F.Z.T. <\/em><\/p>\n<p>Auteur: hlafriqi<br \/>\n<a href=\"https:\/\/www.leconomiste.com\/article\/1057811-wikileaks-les-enjeux-du-proces-de-julian-assange\">Cliquez ici pour lire l&rsquo;article depuis sa source.<\/a><\/p>\n","protected":false},"excerpt":{"rendered":"<p>L&rsquo;affaire Wikileaks a fait couler beaucoup d&rsquo;encre et m\u00eame le cin\u00e9ma s\u2019y est int\u00e9ress\u00e9. R\u00e9clam\u00e9 par la justice am\u00e9ricaine pour avoir publi\u00e9 une masse d&rsquo;informations classifi\u00e9es, le fondateur de Wikileaks Julian Assange va s&rsquo;efforcer \u00e0 partir de lundi 24 f\u00e9vrier de convaincre la justice britannique de refuser de l&rsquo;extrader vers les Etats-Unis. Il doit compara\u00eetre [&hellip;]<\/p>\n","protected":false},"author":1763,"featured_media":77320,"comment_status":"closed","ping_status":"closed","sticky":false,"template":"","format":"standard","meta":{"fifu_image_url":"","fifu_image_alt":"","footnotes":""},"categories":[78,54],"tags":[],"class_list":["post-77319","post","type-post","status-publish","format-standard","has-post-thumbnail","hentry","category-economie","category-maroc"],"_links":{"self":[{"href":"https:\/\/linitiative.ca\/International\/wp-json\/wp\/v2\/posts\/77319","targetHints":{"allow":["GET"]}}],"collection":[{"href":"https:\/\/linitiative.ca\/International\/wp-json\/wp\/v2\/posts"}],"about":[{"href":"https:\/\/linitiative.ca\/International\/wp-json\/wp\/v2\/types\/post"}],"author":[{"embeddable":true,"href":"https:\/\/linitiative.ca\/International\/wp-json\/wp\/v2\/users\/1763"}],"replies":[{"embeddable":true,"href":"https:\/\/linitiative.ca\/International\/wp-json\/wp\/v2\/comments?post=77319"}],"version-history":[{"count":0,"href":"https:\/\/linitiative.ca\/International\/wp-json\/wp\/v2\/posts\/77319\/revisions"}],"wp:featuredmedia":[{"embeddable":true,"href":"https:\/\/linitiative.ca\/International\/wp-json\/"}],"wp:attachment":[{"href":"https:\/\/linitiative.ca\/International\/wp-json\/wp\/v2\/media?parent=77319"}],"wp:term":[{"taxonomy":"category","embeddable":true,"href":"https:\/\/linitiative.ca\/International\/wp-json\/wp\/v2\/categories?post=77319"},{"taxonomy":"post_tag","embeddable":true,"href":"https:\/\/linitiative.ca\/International\/wp-json\/wp\/v2\/tags?post=77319"}],"curies":[{"name":"wp","href":"https:\/\/api.w.org\/{rel}","templated":true}]}}