{"id":77336,"date":"2020-02-26T04:29:33","date_gmt":"2020-02-26T09:29:33","guid":{"rendered":"https:\/\/linitiative.ca\/International\/102214-qualification-boxe-tournoi-pre-olympique-l-algerienne-imane-khelif-en-demi-finale\/"},"modified":"2020-02-26T04:29:33","modified_gmt":"2020-02-26T09:29:33","slug":"102214-qualification-boxe-tournoi-pre-olympique-l-algerienne-imane-khelif-en-demi-finale","status":"publish","type":"post","link":"https:\/\/linitiative.ca\/International\/102214-qualification-boxe-tournoi-pre-olympique-l-algerienne-imane-khelif-en-demi-finale\/","title":{"rendered":"Boxe\/Tournoi pr\u00e9-olympique: l&rsquo;Alg\u00e9rienne Imane Khelif en demi-finale"},"content":{"rendered":"<div readability=\"36\">\n<p><strong>DAKAR &#8211; La boxeuse alg\u00e9rienne Imane Khelif (60 kg) a compost\u00e9 son billet pour les demi-finales du tournoi pr\u00e9-olympique qui se d\u00e9roule \u00e0 la salle Arena de Dakar (S\u00e9n\u00e9gal), en dominant la Botswanaise, Kasemang Aratwa Francinah.<\/strong><\/p>\n<\/div>\n<div readability=\"65.1405895692\">\n<p>Il s&rsquo;agit du sixi\u00e8me boxeur alg\u00e9rien ayant compost\u00e9 son billet pour les demi-finales apr\u00e8s la qualification de ses compatriotes, Younes Nemouchi (75 kg), Mohamed Flissi (52 kg), Boualem Roma\u00efssa (51 kg), Ichrak Chaib (75 kg) et Abdelhafid Benchebla (91 kg).<\/p>\n<p>Pour le compte des demi-finales, pr\u00e9vues mercredi, l&rsquo;Alg\u00e9rienne Khelif affrontera l&rsquo;Ivoirienne Mariam Sidibe.<\/p>\n<p>Deux boxeurs monteront sur le ring en soir\u00e9e pour le compte des quarts de finale. Il s&rsquo;agit de Houmri Mohamed (81 kg) et Chouaib Bouloudinats (+91 kg).<\/p>\n<hr\/>\n<h3>Lire aussi: <a href=\"http:\/\/www.aps.dz\/sport\/102211-boxe-tournoi-pre-olympique-houmri-et-bouloudinats-passent-en-demi-finale\" target=\"_blank\" rel=\"noopener noreferrer\">Boxe\/Tournoi pr\u00e9-olympique: Houmri et Bouloudinats passent en demi-finale<\/a><\/h3>\n<hr\/>\n<p>En revanche, Yahia Abdelli (63 kg), Chemseddine Kramou (69 kg), Oussama Mordjane (57 kg), Fatima-Zahra Senouci (57 kg) et Sara Kali (69 kg), sont \u00e9limin\u00e9s.<\/p>\n<p>Chez les messieurs, les trois premiers valideront leur billet aux JO de Tokyo, except\u00e9 les cat\u00e9gories de 91 et +91 kg qui verront la qualification des finalistes seulement. Chez les dames, les finalistes seront qualifi\u00e9es, sauf pour la cat\u00e9gorie des 51 kg o\u00f9 les trois premi\u00e8res valideront leur billet aux JO-2020.<\/p>\n<p>Le tournoi pr\u00e9-olympique de Dakar se poursuivra jusqu&rsquo;au 29 f\u00e9vrier, en pr\u00e9sence de 13 pugilistes alg\u00e9riens (8 messieurs et 5 dames). A la fin du tournoi, 33 boxeurs (22 hommes et 11 femmes) seront qualifi\u00e9s pour Tokyo-2020.<\/p>\n<\/div>\n<p>Auteur:<br \/>\n<a href=\"http:\/\/www.aps.dz\/sport\/102214-qualification-boxe-tournoi-pre-olympique-l-algerienne-imane-khelif-en-demi-finale?utm_source=feedburner&#038;utm_medium=feed&#038;utm_campaign=Feed%3A+aps-sport+%28APS+-+SPORT%29\">Cliquez ici pour lire l&rsquo;article depuis sa source.<\/a><\/p>\n","protected":false},"excerpt":{"rendered":"<p>DAKAR &#8211; La boxeuse alg\u00e9rienne Imane Khelif (60 kg) a compost\u00e9 son billet pour les demi-finales du tournoi pr\u00e9-olympique qui se d\u00e9roule \u00e0 la salle Arena de Dakar (S\u00e9n\u00e9gal), en dominant la Botswanaise, Kasemang Aratwa Francinah. Il s&rsquo;agit du sixi\u00e8me boxeur alg\u00e9rien ayant compost\u00e9 son billet pour les demi-finales apr\u00e8s la qualification de ses compatriotes, [&hellip;]<\/p>\n","protected":false},"author":1790,"featured_media":0,"comment_status":"closed","ping_status":"closed","sticky":false,"template":"","format":"standard","meta":{"fifu_image_url":"","fifu_image_alt":"","footnotes":""},"categories":[53,75],"tags":[],"class_list":["post-77336","post","type-post","status-publish","format-standard","hentry","category-algerie","category-sport"],"_links":{"self":[{"href":"https:\/\/linitiative.ca\/International\/wp-json\/wp\/v2\/posts\/77336","targetHints":{"allow":["GET"]}}],"collection":[{"href":"https:\/\/linitiative.ca\/International\/wp-json\/wp\/v2\/posts"}],"about":[{"href":"https:\/\/linitiative.ca\/International\/wp-json\/wp\/v2\/types\/post"}],"author":[{"embeddable":true,"href":"https:\/\/linitiative.ca\/International\/wp-json\/wp\/v2\/users\/1790"}],"replies":[{"embeddable":true,"href":"https:\/\/linitiative.ca\/International\/wp-json\/wp\/v2\/comments?post=77336"}],"version-history":[{"count":0,"href":"https:\/\/linitiative.ca\/International\/wp-json\/wp\/v2\/posts\/77336\/revisions"}],"wp:attachment":[{"href":"https:\/\/linitiative.ca\/International\/wp-json\/wp\/v2\/media?parent=77336"}],"wp:term":[{"taxonomy":"category","embeddable":true,"href":"https:\/\/linitiative.ca\/International\/wp-json\/wp\/v2\/categories?post=77336"},{"taxonomy":"post_tag","embeddable":true,"href":"https:\/\/linitiative.ca\/International\/wp-json\/wp\/v2\/tags?post=77336"}],"curies":[{"name":"wp","href":"https:\/\/api.w.org\/{rel}","templated":true}]}}