{"id":77340,"date":"2020-02-26T09:04:15","date_gmt":"2020-02-26T14:04:15","guid":{"rendered":"https:\/\/linitiative.ca\/International\/102230-coa-mustapha-berraf-confirme-sa-demission\/"},"modified":"2020-02-26T09:04:15","modified_gmt":"2020-02-26T14:04:15","slug":"102230-coa-mustapha-berraf-confirme-sa-demission","status":"publish","type":"post","link":"https:\/\/linitiative.ca\/International\/102230-coa-mustapha-berraf-confirme-sa-demission\/","title":{"rendered":"COA : Mustapha Berraf confirme sa d\u00e9mission"},"content":{"rendered":"<div readability=\"37\">\n<p>ALGER &#8211; Le pr\u00e9sident du Comit\u00e9 olympique et sportif alg\u00e9rien (COA), Mustapha Berraf, a confirm\u00e9 mercredi sa d\u00e9cision \u00ab\u00a0irr\u00e9versible\u00a0\u00bb et \u00ab\u00a0irr\u00e9vocable\u00a0\u00bb de quitter l&rsquo;instance olympique, moins de 24 heures apr\u00e8s le rejet de sa d\u00e9mission \u00ab\u00a0verbale\u00a0\u00bb par le Bureau ex\u00e9cutif.<\/p>\n<\/div>\n<div readability=\"78\">\n<p>\u00ab\u00a0On a attent\u00e9 \u00e0 mon honneur et celui de ma famille, ma d\u00e9mission est irr\u00e9versible et irr\u00e9vocable, c&rsquo;est mon dernier jour en tant que pr\u00e9sident du COA\u00a0\u00bb, a d\u00e9clar\u00e9 Mustapha Berraf \u00e0 l&rsquo;APS.<\/p>\n<p>Berraf avait annonc\u00e9 mardi, lors d&rsquo;une r\u00e9union du Bureau ex\u00e9cutif du COA, sa d\u00e9cision de quitter son poste, \u00ab\u00a0fatigu\u00e9\u00a0\u00bb face aux \u00ab\u00a0attaques r\u00e9p\u00e9t\u00e9es\u00a0\u00bb dont il fait l&rsquo;objet \u00ab\u00a0lui et sa famille\u00a0\u00bb.<\/p>\n<blockquote readability=\"11\">\n<p><em><strong>Mais les membres du Comit\u00e9 ex\u00e9cutif, dans un communiqu\u00e9 non sign\u00e9 mais avec l&rsquo;en-t\u00eate du COA, ont rejet\u00e9 \u00e0 \u00ab\u00a0l&rsquo;unanimit\u00e9 cette d\u00e9cision\u00a0\u00bb et \u00ab\u00a0demand\u00e9 au pr\u00e9sident de continuer sa mission, afin de ne point perturber la bonne marche de l&rsquo;instance nationale olympique et la pr\u00e9paration des athl\u00e8tes aux Jeux olympiques 2020\u00a0\u00bb.<\/strong><\/em><\/p>\n<\/blockquote>\n<p>\u00ab\u00a0Ma d\u00e9cision a \u00e9t\u00e9 notifi\u00e9e au Comit\u00e9 ex\u00e9cutif, la r\u00e9union d&rsquo;hier (mardi) \u00e9tait officielle, pas informelle. Elle a \u00e9t\u00e9 consign\u00e9e dans le PV. Cette d\u00e9mission sera pr\u00e9sent\u00e9e devant les membres de l&rsquo;assembl\u00e9e g\u00e9n\u00e9rale, dont la r\u00e9union sera arr\u00eat\u00e9e par le pr\u00e9sident int\u00e9rimaire Hammad\u00a0\u00bb, a indiqu\u00e9 le pr\u00e9sident d\u00e9missionnaire.<\/p>\n<blockquote readability=\"11\">\n<p><em><strong>Selon Berraf, \u00ab\u00a0le 1er vice-pr\u00e9sident Meridja, \u00e0 la t\u00eate de la Commission \u00e9ducation \u00e0 la F\u00e9d\u00e9ration internationale de judo, est en mission et ne peut pas assurer la pr\u00e9sidence du COA. C&rsquo;est pour cette raison que Hammad assurera l&rsquo;int\u00e9rim. Meridja est au courant et il n&rsquo;y a pas de probl\u00e8me\u00a0\u00bb.<\/strong><\/em><\/p>\n<\/blockquote>\n<p>Enfin, Berraf a inform\u00e9 que sa d\u00e9mission \u00ab\u00a0n&rsquo;allait pas perturber\u00a0\u00bb son travail en tant que pr\u00e9sident de l&rsquo;Association des comit\u00e9s nationaux olympiques d&rsquo;Afrique (ACNOA) et membre du Comit\u00e9 international olympique (CIO).<\/p>\n<p>Contact\u00e9 par l\u2019APS, un membre du Bureau ex\u00e9cutif avait indiqu\u00e9 mardi que Mustapha Berraf voulait d\u00e9missionner sous la \u00ab\u00a0pression\u00a0\u00bb des membres de sa famille \u00ab\u00a0qui n\u2019en pouvaient plus\u00a0\u00bb face aux \u00ab\u00a0attaques r\u00e9p\u00e9t\u00e9es\u00a0\u00bb dont ils font l\u2019objet.<\/p>\n<p>Pour le Comit\u00e9 ex\u00e9cutif, le pr\u00e9sident du COA, \u00e0 qui il lui a r\u00e9it\u00e9r\u00e9 son \u00ab\u00a0soutien total\u00a0\u00bb, fait l'\u00a0\u00bbobjet d\u2019un harc\u00e8lement moral et d\u2019attaques injustes et r\u00e9p\u00e9t\u00e9es touchant \u00e0 sa personne, \u00e0 sa dignit\u00e9 et \u00e0 celle de sa famille \u00e9manant des m\u00eames personnes depuis le d\u00e9but du mandat olympique\u00a0\u00bb.<\/p>\n<\/div>\n<p>Auteur:<br \/>\n<a href=\"http:\/\/www.aps.dz\/sport\/102230-coa-mustapha-berraf-confirme-sa-demission?utm_source=feedburner&#038;utm_medium=feed&#038;utm_campaign=Feed%3A+aps-sport+%28APS+-+SPORT%29\">Cliquez ici pour lire l&rsquo;article depuis sa source.<\/a><\/p>\n","protected":false},"excerpt":{"rendered":"<p>ALGER &#8211; Le pr\u00e9sident du Comit\u00e9 olympique et sportif alg\u00e9rien (COA), Mustapha Berraf, a confirm\u00e9 mercredi sa d\u00e9cision \u00ab\u00a0irr\u00e9versible\u00a0\u00bb et \u00ab\u00a0irr\u00e9vocable\u00a0\u00bb de quitter l&rsquo;instance olympique, moins de 24 heures apr\u00e8s le rejet de sa d\u00e9mission \u00ab\u00a0verbale\u00a0\u00bb par le Bureau ex\u00e9cutif. \u00ab\u00a0On a attent\u00e9 \u00e0 mon honneur et celui de ma famille, ma d\u00e9mission est irr\u00e9versible [&hellip;]<\/p>\n","protected":false},"author":1790,"featured_media":0,"comment_status":"closed","ping_status":"closed","sticky":false,"template":"","format":"standard","meta":{"fifu_image_url":"","fifu_image_alt":"","footnotes":""},"categories":[53,75],"tags":[],"class_list":["post-77340","post","type-post","status-publish","format-standard","hentry","category-algerie","category-sport"],"_links":{"self":[{"href":"https:\/\/linitiative.ca\/International\/wp-json\/wp\/v2\/posts\/77340","targetHints":{"allow":["GET"]}}],"collection":[{"href":"https:\/\/linitiative.ca\/International\/wp-json\/wp\/v2\/posts"}],"about":[{"href":"https:\/\/linitiative.ca\/International\/wp-json\/wp\/v2\/types\/post"}],"author":[{"embeddable":true,"href":"https:\/\/linitiative.ca\/International\/wp-json\/wp\/v2\/users\/1790"}],"replies":[{"embeddable":true,"href":"https:\/\/linitiative.ca\/International\/wp-json\/wp\/v2\/comments?post=77340"}],"version-history":[{"count":0,"href":"https:\/\/linitiative.ca\/International\/wp-json\/wp\/v2\/posts\/77340\/revisions"}],"wp:attachment":[{"href":"https:\/\/linitiative.ca\/International\/wp-json\/wp\/v2\/media?parent=77340"}],"wp:term":[{"taxonomy":"category","embeddable":true,"href":"https:\/\/linitiative.ca\/International\/wp-json\/wp\/v2\/categories?post=77340"},{"taxonomy":"post_tag","embeddable":true,"href":"https:\/\/linitiative.ca\/International\/wp-json\/wp\/v2\/tags?post=77340"}],"curies":[{"name":"wp","href":"https:\/\/api.w.org\/{rel}","templated":true}]}}