{"id":77341,"date":"2020-02-26T12:39:00","date_gmt":"2020-02-26T17:39:00","guid":{"rendered":"https:\/\/linitiative.ca\/International\/mostaganem-formation-sur-les-techniques-de-recherches-demploi\/"},"modified":"2020-02-26T12:39:00","modified_gmt":"2020-02-26T17:39:00","slug":"mostaganem-formation-sur-les-techniques-de-recherches-demploi","status":"publish","type":"post","link":"https:\/\/linitiative.ca\/International\/mostaganem-formation-sur-les-techniques-de-recherches-demploi\/","title":{"rendered":"MOSTAGANEM : Formation sur les techniques de recherches d\u2019emploi"},"content":{"rendered":"<p><br id=\"sep_para_1\" class=\"sep_para access\"\/><\/p>\n<div id=\"para_1\" class=\"para_35703565 resize\">\n<div class=\"texte access firstletter\">Une formation a \u00e9t\u00e9 organis\u00e9e r\u00e9cemment sur les techniques de recherches d\u2019emploi \u00e0 savoir : la r\u00e9daction du curriculum vitae, \u00ab CV \u00bb,\u00a0 la lettre de motivation ainsi que les techniques d\u2019entretien d\u2019embauche. C\u2019est une premi\u00e8re session de formation\u00a0\u00a0 au niveau de l\u2019universit\u00e9, Abdelhamid Ibn Badis, en collaboration avec l\u2019agence nationale de l\u2019emploi de Mostaganem,\u00a0 o\u00f9 des demandeurs d\u2019emploi sont form\u00e9s sur les techniques de recherches d\u2019 emploi. En ce sens, le repr\u00e9sentant de la direction de l\u2019agence de wilaya de l\u2019emploi\u00a0 (AWEM),\u00a0\u00a0\u00a0 charg\u00e9 de la formation des jeunes pour la recherche d\u2019offres d\u2019emploi,\u00a0 a indiqu\u00e9\u00a0\u00a0 que \u00ab l\u2019objectif est de stimuler la recherche de l\u2019emploi en mati\u00e8re technique de recherche , en plus de la formation\u00a0 sur\u00a0 l\u2019esprit de\u00a0 l\u2019entrepreneuriat, \u00e0 l\u2019exemple, de\u00a0 comment cr\u00e9er une petite et moyenne entreprise. \u00ab Notre pr\u00e9sence est d\u2019accompagner les jeunes\u00a0\u00a0 pour la cr\u00e9ation d\u2019entreprise \u00bb a-t-il ajout\u00e9. Quant au docteur Abdaoui , il a rappel\u00e9 que nous avions s\u00e9lectionn\u00e9\u00a0 16 dipl\u00f4m\u00e9s demandeurs d\u2019emploi parmi eux\u00a0 un seul a d\u00e9croch\u00e9 un poste d\u2019emploi dans une entreprise locale d\u2019envergure dans l\u2019industrie l\u00e9g\u00e8re.\u00a0\u00a0\u00a0\u00a0\u00a0\u00a0\u00a0\u00a0\u00a0\u00a0\u00a0\u00a0<\/div>\n<\/div>\n<p>Auteur: G.Yacine<br \/>\n<a href=\"https:\/\/www.reflexiondz.net\/MOSTAGANEM-Formation-sur-les-techniques-de-recherches-d-emploi_a60901.html\">Cliquez ici pour lire l&rsquo;article depuis sa source.<\/a><\/p>\n","protected":false},"excerpt":{"rendered":"<p>Une formation a \u00e9t\u00e9 organis\u00e9e r\u00e9cemment sur les techniques de recherches d\u2019emploi \u00e0 savoir : la r\u00e9daction du curriculum vitae, \u00ab CV \u00bb,\u00a0 la lettre de motivation ainsi que les techniques d\u2019entretien d\u2019embauche. C\u2019est une premi\u00e8re session de formation\u00a0\u00a0 au niveau de l\u2019universit\u00e9, Abdelhamid Ibn Badis, en collaboration avec l\u2019agence nationale de l\u2019emploi de Mostaganem,\u00a0 [&hellip;]<\/p>\n","protected":false},"author":1740,"featured_media":0,"comment_status":"closed","ping_status":"closed","sticky":false,"template":"","format":"standard","meta":{"fifu_image_url":"","fifu_image_alt":"","footnotes":""},"categories":[53,76],"tags":[],"class_list":["post-77341","post","type-post","status-publish","format-standard","hentry","category-algerie","category-regions"],"_links":{"self":[{"href":"https:\/\/linitiative.ca\/International\/wp-json\/wp\/v2\/posts\/77341","targetHints":{"allow":["GET"]}}],"collection":[{"href":"https:\/\/linitiative.ca\/International\/wp-json\/wp\/v2\/posts"}],"about":[{"href":"https:\/\/linitiative.ca\/International\/wp-json\/wp\/v2\/types\/post"}],"author":[{"embeddable":true,"href":"https:\/\/linitiative.ca\/International\/wp-json\/wp\/v2\/users\/1740"}],"replies":[{"embeddable":true,"href":"https:\/\/linitiative.ca\/International\/wp-json\/wp\/v2\/comments?post=77341"}],"version-history":[{"count":0,"href":"https:\/\/linitiative.ca\/International\/wp-json\/wp\/v2\/posts\/77341\/revisions"}],"wp:attachment":[{"href":"https:\/\/linitiative.ca\/International\/wp-json\/wp\/v2\/media?parent=77341"}],"wp:term":[{"taxonomy":"category","embeddable":true,"href":"https:\/\/linitiative.ca\/International\/wp-json\/wp\/v2\/categories?post=77341"},{"taxonomy":"post_tag","embeddable":true,"href":"https:\/\/linitiative.ca\/International\/wp-json\/wp\/v2\/tags?post=77341"}],"curies":[{"name":"wp","href":"https:\/\/api.w.org\/{rel}","templated":true}]}}