{"id":77342,"date":"2020-02-26T12:39:00","date_gmt":"2020-02-26T17:39:00","guid":{"rendered":"https:\/\/linitiative.ca\/International\/commune-daiin-sekhouna-saida-des-eleveurs-crient-a-linjustice-a-douar-faid-rmel\/"},"modified":"2020-02-26T12:39:00","modified_gmt":"2020-02-26T17:39:00","slug":"commune-daiin-sekhouna-saida-des-eleveurs-crient-a-linjustice-a-douar-faid-rmel","status":"publish","type":"post","link":"https:\/\/linitiative.ca\/International\/commune-daiin-sekhouna-saida-des-eleveurs-crient-a-linjustice-a-douar-faid-rmel\/","title":{"rendered":"COMMUNE D&rsquo;AIIN SEKHOUNA (SA\u00cfDA) : Des \u00e9leveurs crient \u00e0 l&rsquo;injustice \u00e0 douar Faid Rmel"},"content":{"rendered":"<p><br id=\"sep_para_1\" class=\"sep_para access\"\/><\/p>\n<div id=\"para_1\" class=\"para_35703543 resize\">\n<div class=\"texte access firstletter\">Des\u00a0 \u00e9leveurs occupant le douar Fid Rmel \u00e0 7 km de la commune\u00a0 d&rsquo; Ain Sekhouna ne savent\u00a0 plus \u00e0 quel saint se vouer\u00a0 pour\u00a0 trouver une solution \u00e0 leur\u00a0 \u00e9nigme\u00a0 qui s &lsquo;articule sur\u00a0 la d\u00e9possession de leurs terres par une personne\u00a0\u00a0 habitant\u00a0\u00a0 dans une commune de la wilaya de Tiaret . Selon leurs d\u00e9clarations , plus de 2800 hectares sont attribu\u00e9s \u00e0 cette personne .Ce dernier qui poss\u00e8de\u00a0 l&rsquo;acte de propri\u00e9t\u00e9 d\u00e9livr\u00e9\u00a0 en 2016\u00a0\u00a0 semble t- il par la\u00a0 commune de Sidi Abdehramane \u00e0 47 km du douar Fid Rmel, relevant administrativement de la wilaya de Tiaret,\u00a0 ne cesse de les intimider via les services de la gendarmerie de la commune de Sidi Abderahmane .Il les a contraints \u00e0 quitter leur contr\u00e9e\u00a0 et \u00e0 titre de rappel , les 16 \u00e9leveurs ont b\u00e9n\u00e9fici\u00e9 de l\u2019habitat rural et de l&rsquo;\u00e9lectricit\u00e9 des services de la wilaya de Saida . Devant cet \u00e9tat de fait, les 16 \u00e9leveurs ont contact\u00e9 l\u2019ex wali Mr\u00a0 Sif El Islem Louh. Ce dernier, les a rassur\u00e9s\u00a0 h\u00e9las , le probl\u00e8me perdure .Les 16 \u00e9leveurs paralys\u00e9s par cette d\u00e9possession et la menace de cette personne, risquent de passer au suicide collectif .Pour parer au renversement de la vapeur , ils interpellent Mr Said Saayoud\u00a0 pour trouver une formule qui mettra fin \u00e0 leur calvaire.\u00a0\u00a0\u00a0\u00a0\u00a0\u00a0\u00a0\u00a0\u00a0\u00a0\u00a0\u00a0\u00a0\u00a0\u00a0\u00a0\u00a0\u00a0\u00a0\u00a0\u00a0\u00a0\u00a0\u00a0\u00a0\u00a0\u00a0\u00a0\u00a0\u00a0\u00a0\u00a0<\/div>\n<\/div>\n<p>Auteur: M.Mouncif<br \/>\n<a href=\"https:\/\/www.reflexiondz.net\/COMMUNE-D-AIIN-SEKHOUNA-SAIDA-Des-eleveurs-crient-a-l-injustice-a-douar-Faid-Rmel_a60897.html\">Cliquez ici pour lire l&rsquo;article depuis sa source.<\/a><\/p>\n","protected":false},"excerpt":{"rendered":"<p>Des\u00a0 \u00e9leveurs occupant le douar Fid Rmel \u00e0 7 km de la commune\u00a0 d&rsquo; Ain Sekhouna ne savent\u00a0 plus \u00e0 quel saint se vouer\u00a0 pour\u00a0 trouver une solution \u00e0 leur\u00a0 \u00e9nigme\u00a0 qui s &lsquo;articule sur\u00a0 la d\u00e9possession de leurs terres par une personne\u00a0\u00a0 habitant\u00a0\u00a0 dans une commune de la wilaya de Tiaret . Selon leurs [&hellip;]<\/p>\n","protected":false},"author":1740,"featured_media":0,"comment_status":"closed","ping_status":"closed","sticky":false,"template":"","format":"standard","meta":{"fifu_image_url":"","fifu_image_alt":"","footnotes":""},"categories":[53,76],"tags":[],"class_list":["post-77342","post","type-post","status-publish","format-standard","hentry","category-algerie","category-regions"],"_links":{"self":[{"href":"https:\/\/linitiative.ca\/International\/wp-json\/wp\/v2\/posts\/77342","targetHints":{"allow":["GET"]}}],"collection":[{"href":"https:\/\/linitiative.ca\/International\/wp-json\/wp\/v2\/posts"}],"about":[{"href":"https:\/\/linitiative.ca\/International\/wp-json\/wp\/v2\/types\/post"}],"author":[{"embeddable":true,"href":"https:\/\/linitiative.ca\/International\/wp-json\/wp\/v2\/users\/1740"}],"replies":[{"embeddable":true,"href":"https:\/\/linitiative.ca\/International\/wp-json\/wp\/v2\/comments?post=77342"}],"version-history":[{"count":0,"href":"https:\/\/linitiative.ca\/International\/wp-json\/wp\/v2\/posts\/77342\/revisions"}],"wp:attachment":[{"href":"https:\/\/linitiative.ca\/International\/wp-json\/wp\/v2\/media?parent=77342"}],"wp:term":[{"taxonomy":"category","embeddable":true,"href":"https:\/\/linitiative.ca\/International\/wp-json\/wp\/v2\/categories?post=77342"},{"taxonomy":"post_tag","embeddable":true,"href":"https:\/\/linitiative.ca\/International\/wp-json\/wp\/v2\/tags?post=77342"}],"curies":[{"name":"wp","href":"https:\/\/api.w.org\/{rel}","templated":true}]}}