{"id":77343,"date":"2020-02-26T12:39:00","date_gmt":"2020-02-26T17:39:00","guid":{"rendered":"https:\/\/linitiative.ca\/International\/premiere-reunion-de-travail-pour-louisa-hanoune\/"},"modified":"2020-02-26T12:39:00","modified_gmt":"2020-02-26T17:39:00","slug":"premiere-reunion-de-travail-pour-louisa-hanoune","status":"publish","type":"post","link":"https:\/\/linitiative.ca\/International\/premiere-reunion-de-travail-pour-louisa-hanoune\/","title":{"rendered":"Premi\u00e8re r\u00e9union de travail pour Louisa Hanoune"},"content":{"rendered":"<p><br id=\"sep_para_1\" class=\"sep_para access\"\/><\/p>\n<div id=\"para_1\" class=\"para_35703773 resize\">\n<div class=\"texte access firstletter\">Louisa Hanoune, la secr\u00e9taire g\u00e9n\u00e9rale du parti des travailleurs, a tenu mardi une r\u00e9union du bureau politique. La r\u00e9union, qui est la premi\u00e8re pour Louisa Hanoune, depuis sa lib\u00e9ration de prison le 10 f\u00e9vrier, a discut\u00e9 des conditions g\u00e9n\u00e9rales du pays, ainsi que des affaires internes de son parti, avec des membres du Bureau politique. Le Parti des travailleurs a tenu ses r\u00e9unions p\u00e9riodiquement, en l\u2019absence de Hanoune, le porte-parole du parti, Djalloul Djoudi, s\u2019est charg\u00e9 de la coordination au sein du bureau politique jusqu\u2019\u00e0 la lib\u00e9ration de la secr\u00e9taire g\u00e9n\u00e9rale.<\/div>\n<\/div>\n<p>Auteur: R\u00e9flexion<br \/>\n<a href=\"https:\/\/www.reflexiondz.net\/Premiere-reunion-de-travail-pour-Louisa-Hanoune_a60915.html\">Cliquez ici pour lire l&rsquo;article depuis sa source.<\/a><\/p>\n","protected":false},"excerpt":{"rendered":"<p>Louisa Hanoune, la secr\u00e9taire g\u00e9n\u00e9rale du parti des travailleurs, a tenu mardi une r\u00e9union du bureau politique. La r\u00e9union, qui est la premi\u00e8re pour Louisa Hanoune, depuis sa lib\u00e9ration de prison le 10 f\u00e9vrier, a discut\u00e9 des conditions g\u00e9n\u00e9rales du pays, ainsi que des affaires internes de son parti, avec des membres du Bureau politique. [&hellip;]<\/p>\n","protected":false},"author":1740,"featured_media":0,"comment_status":"closed","ping_status":"closed","sticky":false,"template":"","format":"standard","meta":{"fifu_image_url":"","fifu_image_alt":"","footnotes":""},"categories":[53,76],"tags":[],"class_list":["post-77343","post","type-post","status-publish","format-standard","hentry","category-algerie","category-regions"],"_links":{"self":[{"href":"https:\/\/linitiative.ca\/International\/wp-json\/wp\/v2\/posts\/77343","targetHints":{"allow":["GET"]}}],"collection":[{"href":"https:\/\/linitiative.ca\/International\/wp-json\/wp\/v2\/posts"}],"about":[{"href":"https:\/\/linitiative.ca\/International\/wp-json\/wp\/v2\/types\/post"}],"author":[{"embeddable":true,"href":"https:\/\/linitiative.ca\/International\/wp-json\/wp\/v2\/users\/1740"}],"replies":[{"embeddable":true,"href":"https:\/\/linitiative.ca\/International\/wp-json\/wp\/v2\/comments?post=77343"}],"version-history":[{"count":0,"href":"https:\/\/linitiative.ca\/International\/wp-json\/wp\/v2\/posts\/77343\/revisions"}],"wp:attachment":[{"href":"https:\/\/linitiative.ca\/International\/wp-json\/wp\/v2\/media?parent=77343"}],"wp:term":[{"taxonomy":"category","embeddable":true,"href":"https:\/\/linitiative.ca\/International\/wp-json\/wp\/v2\/categories?post=77343"},{"taxonomy":"post_tag","embeddable":true,"href":"https:\/\/linitiative.ca\/International\/wp-json\/wp\/v2\/tags?post=77343"}],"curies":[{"name":"wp","href":"https:\/\/api.w.org\/{rel}","templated":true}]}}