{"id":77344,"date":"2020-02-26T12:39:00","date_gmt":"2020-02-26T17:39:00","guid":{"rendered":"https:\/\/linitiative.ca\/International\/ouled-mimoun-tlemcen-saisie-de-2800-boites-de-tabac-a-chiquer\/"},"modified":"2020-02-26T12:39:00","modified_gmt":"2020-02-26T17:39:00","slug":"ouled-mimoun-tlemcen-saisie-de-2800-boites-de-tabac-a-chiquer","status":"publish","type":"post","link":"https:\/\/linitiative.ca\/International\/ouled-mimoun-tlemcen-saisie-de-2800-boites-de-tabac-a-chiquer\/","title":{"rendered":"OULED MIMOUN (TLEMCEN)    : Saisie de 2800 boites  de tabac \u00e0 chiquer"},"content":{"rendered":"<p><br id=\"sep_para_1\" class=\"sep_para access\"\/><\/p>\n<div id=\"para_1\" class=\"para_35703532 resize\">\n<div class=\"texte access firstletter\">Les services de s\u00e9curit\u00e9 de la da\u00efra d\u2019Ouled Mimoun, dans la wilaya de Tlemcen ont proc\u00e9d\u00e9 \u00e0 la saisie d\u2019une importante quantit\u00e9 de tabac \u00e0 chiquer \u2018\u2019 chemma \u2018\u2019 ,selon un communiqu\u00e9 de la s\u00fbret\u00e9 de wilaya .L\u2019op\u00e9ration est intervenue suite, \u00e0 une fiable information atterrie au niveau\u00a0 des services de la police judicaire ,faisant \u00e9tat de la pr\u00e9sence d\u2019une personne suspecte en possession d\u2019une quantit\u00e9 de tabac \u00e0 chiquer \u00e0 bord du train en provenance d\u2019Oran \u00e0 destination de Tlemcen . La surveillance de la station ferroviaire a permis aux policiers d\u2019arr\u00eater le mis en cause en possession de 2800 boites de tabac \u00e0 chiquer de diff\u00e9rentes marques .Apr\u00e8s l\u2019entame de la proc\u00e9dure d\u2019usage, le mis en cause a \u00e9t\u00e9 pr\u00e9sent\u00e9 devant la justice.\u00a0\u00a0\u00a0\u00a0\u00a0\u00a0<\/div>\n<\/div>\n<p>Auteur: H. Bouna<br \/>\n<a href=\"https:\/\/www.reflexiondz.net\/OULED-MIMOUN-TLEMCEN-Saisie-de-2800-boites-de-tabac-a-chiquer_a60895.html\">Cliquez ici pour lire l&rsquo;article depuis sa source.<\/a><\/p>\n","protected":false},"excerpt":{"rendered":"<p>Les services de s\u00e9curit\u00e9 de la da\u00efra d\u2019Ouled Mimoun, dans la wilaya de Tlemcen ont proc\u00e9d\u00e9 \u00e0 la saisie d\u2019une importante quantit\u00e9 de tabac \u00e0 chiquer \u2018\u2019 chemma \u2018\u2019 ,selon un communiqu\u00e9 de la s\u00fbret\u00e9 de wilaya .L\u2019op\u00e9ration est intervenue suite, \u00e0 une fiable information atterrie au niveau\u00a0 des services de la police judicaire ,faisant [&hellip;]<\/p>\n","protected":false},"author":1740,"featured_media":0,"comment_status":"closed","ping_status":"closed","sticky":false,"template":"","format":"standard","meta":{"fifu_image_url":"","fifu_image_alt":"","footnotes":""},"categories":[53,76],"tags":[],"class_list":["post-77344","post","type-post","status-publish","format-standard","hentry","category-algerie","category-regions"],"_links":{"self":[{"href":"https:\/\/linitiative.ca\/International\/wp-json\/wp\/v2\/posts\/77344","targetHints":{"allow":["GET"]}}],"collection":[{"href":"https:\/\/linitiative.ca\/International\/wp-json\/wp\/v2\/posts"}],"about":[{"href":"https:\/\/linitiative.ca\/International\/wp-json\/wp\/v2\/types\/post"}],"author":[{"embeddable":true,"href":"https:\/\/linitiative.ca\/International\/wp-json\/wp\/v2\/users\/1740"}],"replies":[{"embeddable":true,"href":"https:\/\/linitiative.ca\/International\/wp-json\/wp\/v2\/comments?post=77344"}],"version-history":[{"count":0,"href":"https:\/\/linitiative.ca\/International\/wp-json\/wp\/v2\/posts\/77344\/revisions"}],"wp:attachment":[{"href":"https:\/\/linitiative.ca\/International\/wp-json\/wp\/v2\/media?parent=77344"}],"wp:term":[{"taxonomy":"category","embeddable":true,"href":"https:\/\/linitiative.ca\/International\/wp-json\/wp\/v2\/categories?post=77344"},{"taxonomy":"post_tag","embeddable":true,"href":"https:\/\/linitiative.ca\/International\/wp-json\/wp\/v2\/tags?post=77344"}],"curies":[{"name":"wp","href":"https:\/\/api.w.org\/{rel}","templated":true}]}}