{"id":77348,"date":"2020-02-26T10:53:20","date_gmt":"2020-02-26T15:53:20","guid":{"rendered":"https:\/\/linitiative.ca\/International\/deux-cargaisons-en-provenance-de-chine-refoulees-a-oran\/"},"modified":"2020-02-26T10:53:20","modified_gmt":"2020-02-26T15:53:20","slug":"deux-cargaisons-en-provenance-de-chine-refoulees-a-oran","status":"publish","type":"post","link":"https:\/\/linitiative.ca\/International\/deux-cargaisons-en-provenance-de-chine-refoulees-a-oran\/","title":{"rendered":"Deux cargaisons en provenance de Chine refoul\u00e9es \u00e0 Oran"},"content":{"rendered":"<p><span class=\"c2\">S.N.<\/span><\/p>\n<div readability=\"57\">\n<p>Deux cargaisons totalisant 4,8 tonnes d\u2019\u00e9quipements domestiques en provenance de Chine ont \u00e9t\u00e9 refoul\u00e9es r\u00e9cemment par les services de contr\u00f4le aux fronti\u00e8res du port d\u2019Oran. C\u2019est ce qu\u2019a fait savoir hier le directeur r\u00e9gional du commerce Fay\u00e7al Ettayeb.<br \/>Une premi\u00e8re cargaison de 3,5 tonnes d\u2019\u00e9quipements domestiques d\u2019une valeur de 7,1 millions DA a \u00e9t\u00e9 refoul\u00e9e pour \u00ab\u00a0non-conformit\u00e9 de l\u2019\u00e9tiquetage\u00a0\u00bb et la seconde cargaison, de m\u00eame nature et d\u2019une charge de 1, 36 tonne pour une valeur de 6,4 millions DA, \u00e9galement import\u00e9e de Chine, a \u00e9t\u00e9 \u00e9galement refoul\u00e9e pour la m\u00eame infraction, a indiqu\u00e9 M.\u00a0Ettayeb, rappelant qu\u2019une cargaison de 11 tonnes de produits \u00e9lectrom\u00e9nagers en provenance du m\u00eame pays a \u00e9t\u00e9 refus\u00e9e d\u2019admission, durant le m\u00eame mois, au port d\u2019Oran pour, \u00e9galement, \u00ab\u00a0non-conformit\u00e9 de l\u2019\u00e9tiquetage\u00a0\u00bb.<br \/>Selon la m\u00eame source, 2,3 tonnes de raisin en provenance d\u2019Italie ont \u00e9t\u00e9 refus\u00e9es d\u2019admission par les services de contr\u00f4le aux fronti\u00e8res du port de Ghazaouet durant le mois en cours. La marchandise, d\u2019une valeur de 211.000 DA, a \u00e9t\u00e9 refoul\u00e9e par les services de contr\u00f4le aux fronti\u00e8res en raison du \u00ab\u00a0taux de moisissure \u00e9lev\u00e9\u00a0\u00bb.<br \/>Les services de contr\u00f4le aux fronti\u00e8res ont refus\u00e9 d\u2019admission au port d\u2019Oran, une cargaison de 46 tonnes d\u2019ar\u00f4mes alimentaires import\u00e9s de Suisse, d\u2019une valeur de 13 millions DA, pour une infraction li\u00e9e au double \u00e9tiquetage de documents commerciaux, a ajout\u00e9 le m\u00eame responsable.<\/p>\n<\/div>\n<p>Auteur: Boudjedri<br \/>\n<a href=\"http:\/\/www.jeune-independant.net\/Deux-cargaisons-en-provenance-de.html\">Cliquez ici pour lire l&rsquo;article depuis sa source.<\/a><\/p>\n","protected":false},"excerpt":{"rendered":"<p>S.N. Deux cargaisons totalisant 4,8 tonnes d\u2019\u00e9quipements domestiques en provenance de Chine ont \u00e9t\u00e9 refoul\u00e9es r\u00e9cemment par les services de contr\u00f4le aux fronti\u00e8res du port d\u2019Oran. C\u2019est ce qu\u2019a fait savoir hier le directeur r\u00e9gional du commerce Fay\u00e7al Ettayeb.Une premi\u00e8re cargaison de 3,5 tonnes d\u2019\u00e9quipements domestiques d\u2019une valeur de 7,1 millions DA a \u00e9t\u00e9 refoul\u00e9e [&hellip;]<\/p>\n","protected":false},"author":1737,"featured_media":0,"comment_status":"closed","ping_status":"closed","sticky":false,"template":"","format":"standard","meta":{"fifu_image_url":"","fifu_image_alt":"","footnotes":""},"categories":[73,53],"tags":[],"class_list":["post-77348","post","type-post","status-publish","format-standard","hentry","category-actualite","category-algerie"],"_links":{"self":[{"href":"https:\/\/linitiative.ca\/International\/wp-json\/wp\/v2\/posts\/77348","targetHints":{"allow":["GET"]}}],"collection":[{"href":"https:\/\/linitiative.ca\/International\/wp-json\/wp\/v2\/posts"}],"about":[{"href":"https:\/\/linitiative.ca\/International\/wp-json\/wp\/v2\/types\/post"}],"author":[{"embeddable":true,"href":"https:\/\/linitiative.ca\/International\/wp-json\/wp\/v2\/users\/1737"}],"replies":[{"embeddable":true,"href":"https:\/\/linitiative.ca\/International\/wp-json\/wp\/v2\/comments?post=77348"}],"version-history":[{"count":0,"href":"https:\/\/linitiative.ca\/International\/wp-json\/wp\/v2\/posts\/77348\/revisions"}],"wp:attachment":[{"href":"https:\/\/linitiative.ca\/International\/wp-json\/wp\/v2\/media?parent=77348"}],"wp:term":[{"taxonomy":"category","embeddable":true,"href":"https:\/\/linitiative.ca\/International\/wp-json\/wp\/v2\/categories?post=77348"},{"taxonomy":"post_tag","embeddable":true,"href":"https:\/\/linitiative.ca\/International\/wp-json\/wp\/v2\/tags?post=77348"}],"curies":[{"name":"wp","href":"https:\/\/api.w.org\/{rel}","templated":true}]}}