{"id":77349,"date":"2020-02-26T11:16:04","date_gmt":"2020-02-26T16:16:04","guid":{"rendered":"https:\/\/linitiative.ca\/International\/le-maroc-intensifie-la-repression-dans-les-territoires-occupes\/"},"modified":"2020-02-26T11:16:04","modified_gmt":"2020-02-26T16:16:04","slug":"le-maroc-intensifie-la-repression-dans-les-territoires-occupes","status":"publish","type":"post","link":"https:\/\/linitiative.ca\/International\/le-maroc-intensifie-la-repression-dans-les-territoires-occupes\/","title":{"rendered":"Le Maroc intensifie la r\u00e9pression dans les territoires occup\u00e9s"},"content":{"rendered":"<p><span class=\"c2\">H.B.<\/span><\/p>\n<div readability=\"62\">\n<p>Les forces marocaines ont intensifi\u00e9 la r\u00e9pression dans les territoires sahraouis occup\u00e9s notamment \u00e0 El-Ayoune o\u00f9 l\u2019occupant a d\u00e9ploy\u00e9 ses troupes, renforc\u00e9 son dispositif r\u00e9pressif et assi\u00e9g\u00e9 la ville afin d\u2019emp\u00eacher les Sahraouis de c\u00e9l\u00e9brer le 44e anniversaire de la proclamation de la R\u00e9publique arabe sahraouie d\u00e9mocratique (RASD).<br \/>Selon une source judiciaire cit\u00e9e par l\u2019agence de presse sahraouie, SPS, les forces d\u2019occupation ont d\u00e9ploy\u00e9 leurs troupes dans les diff\u00e9rentes rues et quartiers de la ville d\u2019El-Ayoune occup\u00e9e pour emp\u00eacher et dissuader les Sahraouis d\u2019organiser des \u00e9v\u00e8nements ou manifestations pour c\u00e9l\u00e9brer l\u2019anniversaire de la proclamation de la RASD.<br \/>Ainsi, des dizaines de militants sahraouis ont \u00e9t\u00e9 arr\u00eat\u00e9s ou menac\u00e9s ces derniers jours par les forces de l\u2019occupation marocaine \u00e0 l\u2019approche de ce grand \u00e9v\u00e8nement, le 27 f\u00e9vrier, selon diverses organisations de d\u00e9fense des droits de l\u2019Homme.<br \/>Le Maroc recourt souvent \u00e0 ces mesures r\u00e9pressives afin d\u2019emp\u00eacher les Sahraouis de c\u00e9l\u00e9brer des f\u00eates nationales, de d\u00e9noncer les violations de leurs droits par l\u2019occupant notamment le droit \u00e0 l\u2019autod\u00e9termination et \u00e0 l\u2019ind\u00e9pendance ou pour les dissuader de d\u00e9fendre les prisonniers d\u00e9tenus dans les ge\u00f4les marocaines.<br \/>Dans ce contexte, un militant sahraoui a indiqu\u00e9 que \u00ab\u00a0ces derni\u00e8res semaines, la police marocaine a arr\u00eat\u00e9, plac\u00e9 en \u00e9tat d\u2019arrestation ou menac\u00e9 des dizaines de militants sahraouis des droits de l\u2019Homme &#8230; ainsi que des proches de prisonniers politiques (Groupe Gdeim Izik et autres)\u00a0\u00bb.<br \/>En r\u00e9action \u00e0 ces arrestations, les organisations HRW (Human Right Watch), AI (Amnesty International) et RSF (Reporters Sans Fronti\u00e8res) exhortent l\u2019occupant marocain \u00e0 lib\u00e9rer ces militants \u00ab\u00a0imm\u00e9diatement et sans condition\u00a0\u00bb.<br \/>Dans son rapport annuel de 2019 sur les droits de l\u2019Homme pr\u00e9sent\u00e9 au mois de janvier, l\u2019ONG am\u00e9ricaine Human Rights Watch, a d\u00e9nonc\u00e9 les autorit\u00e9s marocaines qui emp\u00eachent syst\u00e9matiquement les rassemblements en faveur de l\u2019autod\u00e9termination du peuple sahraoui et entravent le travail des ONG sahraouies des droits de l\u2019Homme au Sahara occidental occup\u00e9.<br \/>Les autorit\u00e9s marocaines \u00ab\u00a0emp\u00eachent syst\u00e9matiquement les rassemblements en faveur de l\u2019autod\u00e9termination du peuple sahraoui, et font obstruction au travail de certaines ONG sahraouies de d\u00e9fense des droits de l\u2019Homme et agressions physiques contre des militants et des journalistes, en d\u00e9tention ou dans la rue\u00a0\u00bb, s\u2019indigne l\u2019organisation.<br \/>L\u2019organisation am\u00e9ricaine, dans son rapport, a enregistr\u00e9 \u00ab\u00a0la d\u00e9tention continue de 23 Sahraouis par le Maroc apr\u00e8s avoir \u00e9t\u00e9 condamn\u00e9 \u00e0 la suite de proc\u00e8s in\u00e9quitables en 2013 et 2017 sur la base d\u2019aveux forc\u00e9s, sans enqu\u00eate s\u00e9rieuse sur leur torture physique dans les postes de police et de la gendarmerie, apr\u00e8s les affrontements qui ont \u00e9clat\u00e9 suite au d\u00e9mant\u00e8lement violent et sanglant par les autorit\u00e9s marocaines du camp de protestation Gdeim Izik pr\u00e8s d\u2019El-Ayoun occup\u00e9, en 2010\u00a0\u00bb.<br \/>L\u2019ONG a \u00e9galement soulign\u00e9 que le processus de paix supervis\u00e9 par les Nations Unies, entre le Front Polisario et le Maroc pour l\u2019autod\u00e9termination au Sahara occidental, est au point mort depuis la d\u00e9mission de l\u2019envoy\u00e9 sp\u00e9cial Horst Kohler, et qu\u2019aucun successeur n\u2019est d\u00e9sign\u00e9 pour le moment.<br \/>Dans un rapport sur l\u2019\u00e9tat des droits de l\u2019Homme au Sahara occidental occup\u00e9, l\u2019Association des d\u00e9fenseurs des droits de l\u2019Homme des Sahraouis (Codesa) a d\u00e9nonc\u00e9 les violations continues par l\u2019occupant marocain des droits fondamentaux du peuple sahraoui, en particulier le droit \u00e0 l\u2019autod\u00e9termination et \u00e0 l\u2019ind\u00e9pendance.<br \/>H.B.<\/p>\n<\/div>\n<p>Auteur: Boudjedri<br \/>\n<a href=\"http:\/\/www.jeune-independant.net\/Le-Maroc-intensifie-la-repression.html\">Cliquez ici pour lire l&rsquo;article depuis sa source.<\/a><\/p>\n","protected":false},"excerpt":{"rendered":"<p>H.B. Les forces marocaines ont intensifi\u00e9 la r\u00e9pression dans les territoires sahraouis occup\u00e9s notamment \u00e0 El-Ayoune o\u00f9 l\u2019occupant a d\u00e9ploy\u00e9 ses troupes, renforc\u00e9 son dispositif r\u00e9pressif et assi\u00e9g\u00e9 la ville afin d\u2019emp\u00eacher les Sahraouis de c\u00e9l\u00e9brer le 44e anniversaire de la proclamation de la R\u00e9publique arabe sahraouie d\u00e9mocratique (RASD).Selon une source judiciaire cit\u00e9e par l\u2019agence [&hellip;]<\/p>\n","protected":false},"author":1737,"featured_media":0,"comment_status":"closed","ping_status":"closed","sticky":false,"template":"","format":"standard","meta":{"fifu_image_url":"","fifu_image_alt":"","footnotes":""},"categories":[73,53],"tags":[],"class_list":["post-77349","post","type-post","status-publish","format-standard","hentry","category-actualite","category-algerie"],"_links":{"self":[{"href":"https:\/\/linitiative.ca\/International\/wp-json\/wp\/v2\/posts\/77349","targetHints":{"allow":["GET"]}}],"collection":[{"href":"https:\/\/linitiative.ca\/International\/wp-json\/wp\/v2\/posts"}],"about":[{"href":"https:\/\/linitiative.ca\/International\/wp-json\/wp\/v2\/types\/post"}],"author":[{"embeddable":true,"href":"https:\/\/linitiative.ca\/International\/wp-json\/wp\/v2\/users\/1737"}],"replies":[{"embeddable":true,"href":"https:\/\/linitiative.ca\/International\/wp-json\/wp\/v2\/comments?post=77349"}],"version-history":[{"count":0,"href":"https:\/\/linitiative.ca\/International\/wp-json\/wp\/v2\/posts\/77349\/revisions"}],"wp:attachment":[{"href":"https:\/\/linitiative.ca\/International\/wp-json\/wp\/v2\/media?parent=77349"}],"wp:term":[{"taxonomy":"category","embeddable":true,"href":"https:\/\/linitiative.ca\/International\/wp-json\/wp\/v2\/categories?post=77349"},{"taxonomy":"post_tag","embeddable":true,"href":"https:\/\/linitiative.ca\/International\/wp-json\/wp\/v2\/tags?post=77349"}],"curies":[{"name":"wp","href":"https:\/\/api.w.org\/{rel}","templated":true}]}}