{"id":77350,"date":"2020-02-26T08:11:00","date_gmt":"2020-02-26T13:11:00","guid":{"rendered":"https:\/\/linitiative.ca\/International\/mansour-moalla-celebre-pour-son-oeuvre-et-la-pertinence-de-ses-analyses-visionnaires-album-photos-et-video\/"},"modified":"2020-02-26T08:11:00","modified_gmt":"2020-02-26T13:11:00","slug":"mansour-moalla-celebre-pour-son-oeuvre-et-la-pertinence-de-ses-analyses-visionnaires-album-photos-et-video","status":"publish","type":"post","link":"https:\/\/linitiative.ca\/International\/mansour-moalla-celebre-pour-son-oeuvre-et-la-pertinence-de-ses-analyses-visionnaires-album-photos-et-video\/","title":{"rendered":"Mansour Moalla c\u00e9l\u00e9br\u00e9 pour son \u0153uvre et la pertinence de ses analyses visionnaires (Album Photos et Vid\u00e9o)"},"content":{"rendered":"<p>\u00ab En plus de 40 ans d\u2019enseignement en Tunisie et France, je n\u2019ai jamais eu devant moi un amphith\u00e9\u00e2tre aussi diversifi\u00e9 et prestigieux qu\u2019aujourd\u2019hui ! \u00bb s\u2019est exclam\u00e9 Abderrazak Zouari, professeur des Universit\u00e9s et ancien ministre. Pr\u00e9sentant mardi apr\u00e8s-midi sa pr\u00e9face du nouveau livre de Mansour Moalla intitul\u00e9 \u00ab Union nationale et sortie de crise : comment et pourquoi \u00bb(Editions Leaders), il avait en effet devant lui un ar\u00e9opage tri\u00e9 sur les volets. On reconnaissait aux premiers rangs le pr\u00e9sident de l\u2019ARP, Rached Ghannouchi, les deux anciens pr\u00e9sidents de la R\u00e9publique par int\u00e9rim Foued Mebazaa et Mohamed Ennaceur, l\u2019ancien pr\u00e9sident de l\u2019ANC et chef d\u2019Ettakatol Mustapha Ben Jaafar, l\u2019ancien Premier ministre Mohamed Ghannouchi, le chef du gouvernement 2014 -2015 Mehdi Jomaa, le leader historique du PDP, puis d\u2019Al Jomhoury Ahmed N\u00e9jib Chebbi, Abdelmajid Charfi, pr\u00e9sident de Beit Al Hikma et d\u2019autres illustres figures nationales.<\/p>\n<p>A ses c\u00f4t\u00e9s, il avait sur le podium, le gouverneur de la Banque centrale de Tunisie, Marouane El Abassi qui a accept\u00e9 \u00e0 placer la c\u00e9r\u00e9monie sous son haut patronage, Mansour Moalla, H\u00e9di B\u00e9hi et Abdelhafidh Harguem (mod\u00e9rateur), directeurs g\u00e9n\u00e9raux de Leaders et Leaders Arabiya, alors que <span class=\"c2\"><strong>Dr Holger<\/strong><\/span> <strong><span class=\"c2\">Dix<\/span><\/strong>, repr\u00e9sentant r\u00e9sident de la Fondation Konrad Adenauer, qui a apport\u00e9 son soutien \u00e0 l\u2019\u00e9dition du livre \u00e9tait ravi d\u2019accueillir les invit\u00e9s.<\/p>\n<p>Le chef du gouvernement Youssef Chahed, emp\u00each\u00e9 en derni\u00e8re minute, s\u2019est fait repr\u00e9senter par Omar B\u00e9hi (Commerce), Ren\u00e9 Trabelsi, ministre du Tourisme et de l\u2019Artisanat (fortement applaudi par la salle), Fadhel Mahfoudh (Droits de l\u2019Homme) et le secr\u00e9taire g\u00e9n\u00e9ral du gouvernement, Abdellatif Hmam. Quant au gouvernement Ely\u00e8s Fakhfakh, en cours de constitution, il \u00e9tait repr\u00e9sent\u00e9 par Nizar Yaiche (Finances), Lotfi Zitoun (Affaires locales), Asma Sehiri Laabidi (Femme), et Lobna Jeribi (Grands projets).<\/p>\n<p>De nombreux ambassadeurs et diplomates ont tenu \u00e0 prendre part \u00e0 cette c\u00e9r\u00e9monie, notamment les ambassadeurs de Chine, d\u2019Espagne, de Su\u00e8de et du Japon alors que les ambassadeurs de France, d\u2019Allemagne et de Grande Bretagne, en d\u00e9placement hors de Tunis ont regrett\u00e9 de ne pouvoir y \u00eatre pr\u00e9sents.<br \/>De son c\u00f4t\u00e9, le b\u00e2tonnier Chawki Tabib, pr\u00e9sident de l\u2019INLUC a tenu \u00e0 t\u00e9moigner par sa pr\u00e9sence \u00ab la haute appr\u00e9ciation de l\u2019Instance au plaidoyer incessant de Mansour Moalla pour lutter contre la malversation et instaurer la bonne gouvernance et la transparence. \u00bb<\/p>\n<p class=\"c3\"><iframe loading=\"lazy\" src=\"https:\/\/www.youtube.com\/embed\/OIKb6ZZTDTs\" allow=\"accelerometer; autoplay; encrypted-media; gyroscope; picture-in-picture\" allowfullscreen=\"\" width=\"560\" height=\"315\" frameborder=\"0\">[embedded content]<\/iframe><\/p>\n<p>Parmi les nombreux anciens ministres des gouvernements successifs depuis l\u2019ind\u00e9pendance de la Tunisie, on reconnaissait Taher Belkhodja, Mustapha Zaanouni, Mhammed Chaker, Hamed Zeghal, Souad Chater, ainsi que Mustapha Kamel Nabli, Afif Chelbi, Mohamed Jegham, Ridha Kechrid, Selma Elloumi, Faouzia Charfi, Khemaies Jhinaoui, Mohamed Aloulou, Slaheddine Sellami, Kamel Haj Sassi, AbdelwahebJemel&#8230;Sans oublier des chefs d\u2019entreprise (Abdelaziz Esassi, Moncef Sellami, Nebil Triki, Sofiane Sellami, Abdelwaheb Essafi,\u00a0Afif\u00a0Bejaoui, Habib\u00a0Kammoun, H\u00e9di Baccour&#8230;).<\/p>\n<p>Etaient \u00e9galement pr\u00e9sents d\u2019anciens gouverneurs (notamment Me Abdessalem Kallel), ambassadeurs (Mohamed Hassairi, Abb\u00e8s Mohsen, Moncef Baati&#8230;), des banquiers et financier (Kamel N\u00e9ji, Ali Kooli, Maher Zouari, Emna Kallel, &#8230;), le pr\u00e9sident du conseil national de l\u2019Ordre des Experts comptable, Slaheddine Zahaf, des d\u00e9put\u00e9s \u00e0 l\u2019ARP (Fay\u00e7al Derbel, Hafedh Zouari&#8230;), des universitaires (Sadok Belaid, Habib Ayadi, Ammar Mahjoubi, Riadh Zghal, Mohamed Ali Halouani, Khelifa Chater&#8230;), d\u2019\u00e9minents m\u00e9decins (Drs Mahmoud Khrouf, Moez Belkhodja, Mohamed Moalla, Ouafi et Zahra Marrakchi, Hammadi Hentati, Chedly Bouzouaya, Sofiane Zribi, Rached Belhaj Romdhane&#8230;)\u00a0 et des t\u00e9nors du barreau (Taher Kamoun, Donia El Hedda Ellouze, Sami Kallel&#8230;).<\/p>\n<h2>La question qui f\u00e2che, les t\u00e9moignages qui marquent<\/h2>\n<p>D\u2019embl\u00e9e, le professeur Abderrazak Zouari avait pos\u00e9 la question de fond qui se profile en toile de fond de la pens\u00e9e de Mansour Moalla : comment faire en sorte que la r\u00e9volution ne soit pas confisqu\u00e9e par les enjeux politiques partisans ? Il a rappel\u00e9 que l\u2019auteur des chroniques publi\u00e9es dans Leaders, estime que l\u2019av\u00e8nement de la d\u00e9mocratie \u00e9tant une chance pour la Tunisie. Il estime que si les principes de d\u00e9mocratie et de s\u00e9paration des pouvoirs avaient \u00e9t\u00e9 instaur\u00e9s depuis l\u2019ind\u00e9pendance la Tunisie aurait \u00e9t\u00e9 un mod\u00e8le, un pays d\u00e9velopp\u00e9 et une soci\u00e9t\u00e9 juste. Zouari a rappel\u00e9 une s\u00e9rie de propositions pertinentes avanc\u00e9es par Moalla quant \u00e0 un mode scrutin uninominal, un seuil \u00e9lectoral pour favoriser une large majorit\u00e9 \u00e0 m\u00eame d\u2019investir un gouvernement assur\u00e9 de stabilit\u00e9, et d\u2019\u00e9muler une saine alternance au pouvoir. Il a \u00e9galement mentionn\u00e9 les diff\u00e9rentes recommandations quant au redressement des finances publiques, le sauvetage de l\u2019entreprise, l\u2019ind\u00e9pendance de la banque centrale et la gouvernance des banques.<\/p>\n<p>Question fondamentale pos\u00e9e par Zouari aux invit\u00e9s pr\u00e9sents : pourquoi les dirigeants politiques n\u2019ont pas pr\u00eat\u00e9 attention \u00e0 tant de propositions qui auraient pu faire \u00e0 la Tunisie beaucoup de temps malheureusement perdu. Tour-\u00e0-tour, Rached Ghannouchi, Mustapha Ben Jaafar, Mohamed Ennaceur et Ahmed N\u00e9jib Chebbi, notamment, y apporteront leurs r\u00e9ponses.<br \/>Des compagnons de route livreront leur t\u00e9moignage : Abdessalem Kallel, Hamed Zeghal, revenant sur les ann\u00e9es d\u2019enfance et de jeunesse, la cr\u00e9ation de l\u2019UGET, l\u2019\u00e9dification de l\u2019Etat moderne. Poignant.<\/p>\n<h2>Une modestie l\u00e9gendaire<\/h2>\n<p>Cl\u00f4turant les d\u00e9bats, le gouverneur de la Banque centrale, Marouane El Abassi, s\u2019est f\u00e9licit\u00e9 de la qualit\u00e9 des \u00e9changes estimant qu\u2019ils traduisent l\u2019acuit\u00e9 des probl\u00e9matiques pos\u00e9es la n\u00e9cessit\u00e9 d\u2019y apporter l\u2019analyse approfondie n\u00e9cessaire. Au nom de la BCT, et en hommage \u00e0 son premier directeur g\u00e9n\u00e9ral, il a remis \u00e0 Mansour Moalla la s\u00e9rie des trois premiers billets de banque \u00e9mis \u00e0 l\u2019aube de l\u2019ind\u00e9pendance, portant sa co-signature. Un cadeau souvenir d\u2019une grande valeur symbolique. De son c\u00f4t\u00e9, l\u2019\u00e9quipe de Leaders a offert \u00e0 Mansour Moalla son portrait en trois dimensions incrust\u00e9 en hologramme dans une \u0153uvre en cristal.<\/p>\n<p>Sinc\u00e8rement \u00e9mu par tant de pr\u00e9sence, de retrouvailles avec des amis de longue date, et de marque d\u2019estime, Mansour Moalla tiendra \u00e0 exprimer ses remerciements \u00e0 tous. \u00ab En fait, j\u2019en suis fort surpris. Je ne m\u2019y attendais pas. On ne me l\u2019avait pas dit. De nature, je n\u2019aime pas les louanges et je n\u2019ai rien fait d\u2019exceptionnel, dira-t-il, avec sa spontan\u00e9it\u00e9 naturelle et sa modestie l\u00e9gendaire&#8230;<\/p>\n<h2>Sept livres d\u00e9j\u00e0<\/h2>\n<p>Introduisant les d\u00e9bats, Taoufik Habaieb (Leaders) a soulign\u00e9 le concept fondateur du magazine reposant sur la promotion d\u2019une pens\u00e9e plurielle et moderniste pour consolider l\u2019avanc\u00e9e d\u00e9mocratique, d\u00e9noncer le totalitarisme et mettre en garde contre le populisme. Rendant hommage aux auteurs des chroniques publi\u00e9es au fil de plus de 100 num\u00e9ros d\u00e9j\u00e0 paru depuis juin 2011, il y a d\u00e9j\u00e0 pr\u00e8s de 9 ans, il a annonc\u00e9 la compilation d\u2019une s\u00e9lection d\u2019articles par auteur, et leur \u00e9dition en livres distincts.<br \/>La premi\u00e8re fourn\u00e9e de cette \u00ab S\u00e9rie 100 \u00bb de <span class=\"c4\"><strong>Leaders<\/strong><\/span> (<a href=\"https:\/\/www.leadersbooks.com.tn\/\" target=\"_blank\" rel=\"noopener noreferrer\">www.leadersbooks.com.tn<\/a>) comprend:<\/p>\n<p><span class=\"c2\"><strong>\u2022<\/strong><\/span> <span class=\"c2\"><strong>Mansour Moalla:<\/strong><\/span> Sortie de crise et union nationale : pourquoi et comment ?, pr\u00e9fac\u00e9 par Abderrazak Zouari, Professeur des Universit\u00e9s et ancien ministre (publi\u00e9 avec le soutien de la Konrad Adenauer Stiftung Tunisie (KAS)<\/p>\n<p><span class=\"c2\"><strong>\u2022<\/strong><\/span> <span class=\"c2\"><strong>Ammar Mahjoubi:<\/strong><\/span> M\u00e9langes d\u2019histoire ancienne, en co-\u00e9dition avec Beit Al-Hikma<\/p>\n<p><span class=\"c2\"><strong>\u2022<\/strong><\/span> <span class=\"c2\"><strong>Mohamed El Aziz Ben Achour:<\/strong><\/span> La Tunisie, la M\u00e9diterran\u00e9e et l\u2019Orient au miroir de l\u2019histoire<\/p>\n<p><span class=\"c2\"><strong>\u2022<\/strong><\/span> <span class=\"c2\"><strong>Riadh Zghal:<\/strong><\/span> Et pourtant, il va falloir voter, pr\u00e9fac\u00e9 par le Professeur Abdelaziz Kacem<\/p>\n<p><span class=\"c2\"><strong>\u2022<\/strong><\/span> <span class=\"c2\"><strong>Walid Bel Hadj Amor:<\/strong><\/span> Gouverner, n\u2019est pas promettre, mais choisir, pr\u00e9fac\u00e9 par Habib Karaouli, Chairman &#038; CEO de Capital African Partners Bank (CAP Bank)<\/p>\n<p><span class=\"c2\"><strong>\u2022<\/strong><\/span> <span class=\"c2\"><strong>H\u00e9di B\u00e9hi:<\/strong><\/span> Regards froids sur une r\u00e9volution in\u00e9dite, pr\u00e9fac\u00e9 par Aly Koyta, Universitaire, Mauritanie et Tunisie<\/p>\n<p><span class=\"c2\"><strong>\u2022<\/strong><\/span> <span class=\"c2\"><strong>Taoufik Habaieb:<\/strong><\/span> Le droit au r\u00eave est le devoir de vigilance, pr\u00e9fac\u00e9 par Abdelkrim Hizaoui, Professeur \u00e0 l\u2019IPSI et Pr\u00e9sident de Media Development Center.<\/p>\n<p><strong>Lire aussi<\/strong><\/p>\n<p><a href=\"https:\/\/www.leaders.com.tn\/article\/29225-mohamed-ennaceur-appelle-a-une-conference-nationale-elargie-pour-sceller-une-veritable-union-nationale-sur-des-programmes-consensuels\" target=\"_blank\" rel=\"noopener noreferrer\">Mohamed Ennaceur appelle \u00e0 une conf\u00e9rence nationale \u00e9largie pour sceller une v\u00e9ritable union nationale sur des programmes consensuels (Album Photos et audio<\/a><\/p>\n<p>Auteur:<br \/>\n<a href=\"https:\/\/www.leaders.com.tn\/article\/29228-mansour-moalla-celebre-pour-son-oeuvre-et-la-pertinence-de-ses-analyses-visionnaires-album-photos\">Cliquez ici pour lire l&rsquo;article depuis sa source.<\/a><\/p>\n","protected":false},"excerpt":{"rendered":"<p>\u00ab En plus de 40 ans d\u2019enseignement en Tunisie et France, je n\u2019ai jamais eu devant moi un amphith\u00e9\u00e2tre aussi diversifi\u00e9 et prestigieux qu\u2019aujourd\u2019hui ! \u00bb s\u2019est exclam\u00e9 Abderrazak Zouari, professeur des Universit\u00e9s et ancien ministre. Pr\u00e9sentant mardi apr\u00e8s-midi sa pr\u00e9face du nouveau livre de Mansour Moalla intitul\u00e9 \u00ab Union nationale et sortie de crise [&hellip;]<\/p>\n","protected":false},"author":1772,"featured_media":0,"comment_status":"closed","ping_status":"closed","sticky":false,"template":"","format":"standard","meta":{"fifu_image_url":"","fifu_image_alt":"","footnotes":""},"categories":[73,55],"tags":[],"class_list":["post-77350","post","type-post","status-publish","format-standard","hentry","category-actualite","category-tunisie"],"_links":{"self":[{"href":"https:\/\/linitiative.ca\/International\/wp-json\/wp\/v2\/posts\/77350","targetHints":{"allow":["GET"]}}],"collection":[{"href":"https:\/\/linitiative.ca\/International\/wp-json\/wp\/v2\/posts"}],"about":[{"href":"https:\/\/linitiative.ca\/International\/wp-json\/wp\/v2\/types\/post"}],"author":[{"embeddable":true,"href":"https:\/\/linitiative.ca\/International\/wp-json\/wp\/v2\/users\/1772"}],"replies":[{"embeddable":true,"href":"https:\/\/linitiative.ca\/International\/wp-json\/wp\/v2\/comments?post=77350"}],"version-history":[{"count":0,"href":"https:\/\/linitiative.ca\/International\/wp-json\/wp\/v2\/posts\/77350\/revisions"}],"wp:attachment":[{"href":"https:\/\/linitiative.ca\/International\/wp-json\/wp\/v2\/media?parent=77350"}],"wp:term":[{"taxonomy":"category","embeddable":true,"href":"https:\/\/linitiative.ca\/International\/wp-json\/wp\/v2\/categories?post=77350"},{"taxonomy":"post_tag","embeddable":true,"href":"https:\/\/linitiative.ca\/International\/wp-json\/wp\/v2\/tags?post=77350"}],"curies":[{"name":"wp","href":"https:\/\/api.w.org\/{rel}","templated":true}]}}