{"id":77357,"date":"2020-02-26T10:00:02","date_gmt":"2020-02-26T15:00:02","guid":{"rendered":"https:\/\/linitiative.ca\/International\/le-maroc-risque-t-il-dimporter-le-coronavirus\/"},"modified":"2020-02-26T10:00:02","modified_gmt":"2020-02-26T15:00:02","slug":"le-maroc-risque-t-il-dimporter-le-coronavirus","status":"publish","type":"post","link":"https:\/\/linitiative.ca\/International\/le-maroc-risque-t-il-dimporter-le-coronavirus\/","title":{"rendered":"Le Maroc risque-t-il d\u2019importer le Coronavirus?"},"content":{"rendered":"<p><strong>Le coronavirus poursuit son expansion. A ce jour, 29 pays ont \u00e9t\u00e9 touch\u00e9s et le nombre de contaminations s\u2019\u00e9l\u00e8ve \u00e0 un peu plus de 80.000 cas et plus de 2.700 morts. Quelles sont les probabilit\u00e9s que\u00a0le coronavirus parvienne au Maroc ?<\/strong><\/p>\n<div class=\"c10\"\/>\n<p>Jusqu\u2019\u00e0 aujourd\u2019hui aucun cas de maladie due au virus <strong>Corona<\/strong> n\u2019a \u00e9t\u00e9 enregistr\u00e9 au Maroc, selon le minist\u00e8re de la Sant\u00e9, depuis l\u2019annonce de l\u2019apparition des premiers cas de contamination en Chine, le 31 d\u00e9cembre dernier.<\/p>\n<p>Le minist\u00e8re de la Sant\u00e9 assure que le syst\u00e8me national de surveillance et de contr\u00f4le \u00e9pid\u00e9miologiques a \u00e9t\u00e9 renforc\u00e9 et que le syst\u00e8me de <strong>diagnostic<\/strong> et de traitement virologiques des patients potentiels a \u00e9t\u00e9 initi\u00e9 et op\u00e9rationnalis\u00e9.<\/p>\n<p>Depuis que l\u2019Espagne et l\u2019Alg\u00e9rie font face \u00e0 leurs premiers cas av\u00e9r\u00e9s, les citoyens marocains sont en \u00e9tat de <strong>panique<\/strong>. Il est vrai que le minist\u00e8re rassure en confirmant que 15 cas contr\u00f4l\u00e9s ont \u00e9t\u00e9 test\u00e9s n\u00e9gatifs, mais reconna\u00eet toutefois que le risque que le Maroc importe le virus est tr\u00e8s \u00e9lev\u00e9.<\/p>\n<p>\u00ab\u00a0Le risque que le virus soit import\u00e9 au Maroc est \u00e9lev\u00e9, et celui de sa transmission \u00e0 d\u2019autres personnes dans le royaume est quant \u00e0 lui mod\u00e9r\u00e9. Quant au risque d\u2019avoir une propagation communautaire, similaire \u00e0 ce qui se passe en Chine et en Iran, il reste faible\u00a0\u00bb, indique Medias24 citant Mohamed Lyoubi, directeur de l\u2019\u00e9pid\u00e9miologie et de la lutte contre les maladies au minist\u00e8re de la Sant\u00e9.<\/p>\n<p>Lire aussi: <a href=\"https:\/\/www.challenge.ma\/coronavirus-les-marocains-ditalie-temoignent-sur-mfm-radio-130806\/\">Coronavirus: Les Marocains d\u2019Italie t\u00e9moignent sur MFM Radio<\/a><\/p>\n<p><strong>Le Maroc moyennement pr\u00e9par\u00e9s contre le virus:<\/strong><\/p>\n<p>En effet, le Royaume est consid\u00e9r\u00e9 moyennement pr\u00e9par\u00e9 par rapport \u00e0 d\u2019autres pays voisins tel que l\u2019Alg\u00e9rie et la Libye qui ont \u00e9t\u00e9 class\u00e9s parmi les syst\u00e8mes de sant\u00e9 les moins pr\u00e9par\u00e9s contre le coronavirus, selon l\u2019\u00e9tude de l\u2019Ecole de Sant\u00e9 Publique de l\u2019Universit\u00e9 Priv\u00e9e Am\u00e9ricaine Johns-Hopkins.<\/p>\n<p><img decoding=\"async\" src=\"https:\/\/www.challenge.ma\/wp-content\/uploads\/2020\/02\/carte.jpg\" alt=\"\" class=\"wp-image-131065\" srcset=\"https:\/\/www.challenge.ma\/wp-content\/uploads\/2020\/02\/carte.jpg 960w, https:\/\/www.challenge.ma\/wp-content\/uploads\/2020\/02\/carte-300x256.jpg 300w, https:\/\/www.challenge.ma\/wp-content\/uploads\/2020\/02\/carte-768x654.jpg 768w, https:\/\/www.challenge.ma\/wp-content\/uploads\/2020\/02\/carte-360x307.jpg 360w, https:\/\/www.challenge.ma\/wp-content\/uploads\/2020\/02\/carte-750x639.jpg 750w, https:\/\/www.challenge.ma\/wp-content\/uploads\/2020\/02\/carte-70x60.jpg 70w\" sizes=\"(max-width: 960px) 100vw, 960px\"\/><\/p>\n<div class=\"c17\">\n<fieldset class=\"c16\">\n<legend><strong><span class=\"c11\">Challenge<\/span><span class=\"c12\">news<\/span><\/strong><\/legend>\n<div class=\"c15\">Le meilleur de Challenge s\u00e9lectionn\u00e9 par la r\u00e9daction :<\/p>\n<\/div>\n<\/fieldset>\n<\/div>\n<p>Auteur: Hajar DARI<br \/>\n<a href=\"https:\/\/www.challenge.ma\/le-maroc-risque-t-il-dimporter-le-coronavirus-130991\/\">Cliquez ici pour lire l&rsquo;article depuis sa source.<\/a><\/p>\n","protected":false},"excerpt":{"rendered":"<p>Le coronavirus poursuit son expansion. A ce jour, 29 pays ont \u00e9t\u00e9 touch\u00e9s et le nombre de contaminations s\u2019\u00e9l\u00e8ve \u00e0 un peu plus de 80.000 cas et plus de 2.700 morts. Quelles sont les probabilit\u00e9s que\u00a0le coronavirus parvienne au Maroc ? Jusqu\u2019\u00e0 aujourd\u2019hui aucun cas de maladie due au virus Corona n\u2019a \u00e9t\u00e9 enregistr\u00e9 au [&hellip;]<\/p>\n","protected":false},"author":1787,"featured_media":77358,"comment_status":"closed","ping_status":"closed","sticky":false,"template":"","format":"standard","meta":{"fifu_image_url":"","fifu_image_alt":"","footnotes":""},"categories":[78,54],"tags":[],"class_list":["post-77357","post","type-post","status-publish","format-standard","has-post-thumbnail","hentry","category-economie","category-maroc"],"_links":{"self":[{"href":"https:\/\/linitiative.ca\/International\/wp-json\/wp\/v2\/posts\/77357","targetHints":{"allow":["GET"]}}],"collection":[{"href":"https:\/\/linitiative.ca\/International\/wp-json\/wp\/v2\/posts"}],"about":[{"href":"https:\/\/linitiative.ca\/International\/wp-json\/wp\/v2\/types\/post"}],"author":[{"embeddable":true,"href":"https:\/\/linitiative.ca\/International\/wp-json\/wp\/v2\/users\/1787"}],"replies":[{"embeddable":true,"href":"https:\/\/linitiative.ca\/International\/wp-json\/wp\/v2\/comments?post=77357"}],"version-history":[{"count":0,"href":"https:\/\/linitiative.ca\/International\/wp-json\/wp\/v2\/posts\/77357\/revisions"}],"wp:featuredmedia":[{"embeddable":true,"href":"https:\/\/linitiative.ca\/International\/wp-json\/"}],"wp:attachment":[{"href":"https:\/\/linitiative.ca\/International\/wp-json\/wp\/v2\/media?parent=77357"}],"wp:term":[{"taxonomy":"category","embeddable":true,"href":"https:\/\/linitiative.ca\/International\/wp-json\/wp\/v2\/categories?post=77357"},{"taxonomy":"post_tag","embeddable":true,"href":"https:\/\/linitiative.ca\/International\/wp-json\/wp\/v2\/tags?post=77357"}],"curies":[{"name":"wp","href":"https:\/\/api.w.org\/{rel}","templated":true}]}}