{"id":77360,"date":"2020-02-26T12:31:42","date_gmt":"2020-02-26T17:31:42","guid":{"rendered":"https:\/\/linitiative.ca\/International\/la-directrice-de-la-berd-au-maroc-met-en-exergue-la-certification-ppp\/"},"modified":"2020-02-26T12:31:42","modified_gmt":"2020-02-26T17:31:42","slug":"la-directrice-de-la-berd-au-maroc-met-en-exergue-la-certification-ppp","status":"publish","type":"post","link":"https:\/\/linitiative.ca\/International\/la-directrice-de-la-berd-au-maroc-met-en-exergue-la-certification-ppp\/","title":{"rendered":"La directrice de la Berd au Maroc met en exergue la certification PPP"},"content":{"rendered":"<p><strong>La certification partenariat public-priv\u00e9 (PPP) vise \u00e0 \u00ab\u00a0stimuler l\u2019investissement priv\u00e9, d\u00e9velopper les infrastructures et \u00e0 renforcer le secteur public pour s\u2019inscrire totalement dans la dynamique actuelle de d\u00e9veloppement des projets PPP au Maroc\u00a0\u00bb, a soulign\u00e9, mercredi \u00e0 Rabat, la directrice du bureau de la Banque europ\u00e9enne pour la reconstruction et le d\u00e9veloppement (BERD) au Maroc, Marie-Alexandra Veilleux.<\/strong><\/p>\n<div class=\"c10\"\/>\n<p>La BERD \u00ab\u00a0soutient fortement\u00a0\u00bb les autorit\u00e9s publiques pour le lancement des projets PPP et l\u2019accroissement des investissements priv\u00e9s via des appels d\u2019offres qui \u00ab\u00a0seront incessamment d\u00e9marr\u00e9s\u00a0\u00bb, a d\u00e9clar\u00e9 \u00e0 la MAP Mme Veilleux \u00e0 l\u2019issue d\u2019un point de presse sur la formation de la certification PPP, organis\u00e9e en collaboration avec le minist\u00e8re de l\u2019\u00c9conomie, des finances et de la r\u00e9forme de l\u2019administration (MERFA).<\/p>\n<p>Lors de ce point de presse, la directrice a mis en exergue le parcours de certification progressif CP3P, qui, une fois obtenue, permettra d\u2019utiliser le titre de \u00ab\u00a0Professionnel PPP Certifi\u00e9\u00a0\u00bb, une d\u00e9nomination cr\u00e9\u00e9e dans le cadre du programme de certification en PPP, mis en \u0153uvre dans le cadre d\u2019une collaboration entre la BERD, la Banque asiatique de d\u00e9veloppement, la Banque interam\u00e9ricaine de d\u00e9veloppement, la Banque islamique de d\u00e9veloppement et le Groupe de la Banque mondiale. Cette formation, la premi\u00e8re en PPP pour le secteur public au Maroc, est dispens\u00e9e au profit de 27 fonctionnaires travaillant au MERFA, notamment \u00e0 la Direction des entreprises publiques et de la privatisation (DEPP).<\/p>\n<p>\u00ab\u00a0La certification vise \u00e0 promouvoir un accompagnement int\u00e9gr\u00e9 du lancement de projets PPP \u00e0 travers un m\u00e9canisme de soutien aux autorit\u00e9s publiques pour lancer, impl\u00e9menter et ex\u00e9cuter ces projets sur le volet technique, financier et juridique\u00a0\u00bb, a-t-elle ajout\u00e9.<\/p>\n<p>(MAP)<\/p>\n<div class=\"c17\">\n<fieldset class=\"c16\">\n<legend><strong><span class=\"c11\">Challenge<\/span><span class=\"c12\">news<\/span><\/strong><\/legend>\n<div class=\"c15\">Le meilleur de Challenge s\u00e9lectionn\u00e9 par la r\u00e9daction :<\/p>\n<\/div>\n<\/fieldset>\n<\/div>\n<p>Auteur: challenge<br \/>\n<a href=\"https:\/\/www.challenge.ma\/la-directrice-de-la-berd-au-marc-met-en-exergue-la-certification-ppp-131074\/\">Cliquez ici pour lire l&rsquo;article depuis sa source.<\/a><\/p>\n","protected":false},"excerpt":{"rendered":"<p>La certification partenariat public-priv\u00e9 (PPP) vise \u00e0 \u00ab\u00a0stimuler l\u2019investissement priv\u00e9, d\u00e9velopper les infrastructures et \u00e0 renforcer le secteur public pour s\u2019inscrire totalement dans la dynamique actuelle de d\u00e9veloppement des projets PPP au Maroc\u00a0\u00bb, a soulign\u00e9, mercredi \u00e0 Rabat, la directrice du bureau de la Banque europ\u00e9enne pour la reconstruction et le d\u00e9veloppement (BERD) au Maroc, [&hellip;]<\/p>\n","protected":false},"author":1787,"featured_media":0,"comment_status":"closed","ping_status":"closed","sticky":false,"template":"","format":"standard","meta":{"fifu_image_url":"","fifu_image_alt":"","footnotes":""},"categories":[78,54],"tags":[],"class_list":["post-77360","post","type-post","status-publish","format-standard","hentry","category-economie","category-maroc"],"_links":{"self":[{"href":"https:\/\/linitiative.ca\/International\/wp-json\/wp\/v2\/posts\/77360","targetHints":{"allow":["GET"]}}],"collection":[{"href":"https:\/\/linitiative.ca\/International\/wp-json\/wp\/v2\/posts"}],"about":[{"href":"https:\/\/linitiative.ca\/International\/wp-json\/wp\/v2\/types\/post"}],"author":[{"embeddable":true,"href":"https:\/\/linitiative.ca\/International\/wp-json\/wp\/v2\/users\/1787"}],"replies":[{"embeddable":true,"href":"https:\/\/linitiative.ca\/International\/wp-json\/wp\/v2\/comments?post=77360"}],"version-history":[{"count":0,"href":"https:\/\/linitiative.ca\/International\/wp-json\/wp\/v2\/posts\/77360\/revisions"}],"wp:attachment":[{"href":"https:\/\/linitiative.ca\/International\/wp-json\/wp\/v2\/media?parent=77360"}],"wp:term":[{"taxonomy":"category","embeddable":true,"href":"https:\/\/linitiative.ca\/International\/wp-json\/wp\/v2\/categories?post=77360"},{"taxonomy":"post_tag","embeddable":true,"href":"https:\/\/linitiative.ca\/International\/wp-json\/wp\/v2\/tags?post=77360"}],"curies":[{"name":"wp","href":"https:\/\/api.w.org\/{rel}","templated":true}]}}