{"id":77384,"date":"2020-02-26T17:18:04","date_gmt":"2020-02-26T22:18:04","guid":{"rendered":"https:\/\/linitiative.ca\/International\/nestle-en-partenariat-avec-lanaged-pour-recycler-les-dechets-plastiques-en-cote-divoire\/"},"modified":"2020-02-26T17:18:04","modified_gmt":"2020-02-26T22:18:04","slug":"nestle-en-partenariat-avec-lanaged-pour-recycler-les-dechets-plastiques-en-cote-divoire","status":"publish","type":"post","link":"https:\/\/linitiative.ca\/International\/nestle-en-partenariat-avec-lanaged-pour-recycler-les-dechets-plastiques-en-cote-divoire\/","title":{"rendered":"Nestl\u00e9 en partenariat avec l\u2019ANAGED pour recycler les d\u00e9chets plastiques en C\u00f4te d\u2019Ivoire"},"content":{"rendered":"<div readability=\"32\">\n<p>Publi\u00e9 le 26.02.2020 \u00e0 23h18 par APA News<\/p>\n<\/div>\n<div readability=\"94\">\n<p>Nestl\u00e9 C\u00f4te d\u2019Ivoire, une firme agroalimentaire, a sign\u00e9 le 25 f\u00e9vrier 2020 \u00e0 Abidjan une convention de partenariat avec l\u2019Agence nationale de gestion des d\u00e9chets (ANAGED) en vue d\u2019une meilleure gestion des d\u00e9chets plastiques et leur recyclage.A travers cet accord de partenariat, la firme agroalimentaire veut avec l\u2019ANAGED, mettre en \u0153uvre un projet d\u00e9nomm\u00e9 \u00abTous pour une gestion responsable des plastiques \u00bb. Et ce, aux fins de r\u00e9soudre efficacement le probl\u00e8me des d\u00e9chets plastiques.<\/p>\n<p>Nestl\u00e9 s\u2019investit dans l\u2019examen de toutes les options possibles et l\u2019adoption de plusieurs solutions pouvant avoir un impact imm\u00e9diat. Le groupe s\u2019engage de ce fait \u00e0 jouer un r\u00f4le actif dans le d\u00e9veloppement de syst\u00e8mes de collecte, de tri et de recyclage efficaces dans les pays o\u00f9 il op\u00e8re.<\/p>\n<p>Il s\u2019agit de travailler avec des partenaires de la cha\u00eene de valeur et des associations industrielles pour explorer diff\u00e9rentes solutions d\u2019emballage afin de r\u00e9duire l\u2019utilisation du plastique, faciliter le recyclage et d\u00e9velopper de nouvelles approches pour mieux g\u00e9rer les d\u00e9chets plastiques.<\/p>\n<p>Ce protocole devrait permettre d\u2019\u00e9tiqueter ad\u00e9quatement ses emballages avec des informations qui aideraient les consommateurs \u00e0 mieux g\u00e9rer leurs d\u00e9chets plastiques, augmenter la proportion de plastiques recycl\u00e9s dans ses emballages afin de promouvoir une \u00e9conomie circulaire.<\/p>\n<p>Le groupe Nestl\u00e9 au niveau mondial investit pas moins de 2 milliards de francs suisse pour cr\u00e9er un march\u00e9 plus large pour les plastiques recycl\u00e9s de qualit\u00e9 alimentaire et acc\u00e9l\u00e9rer l\u2019innovation de l\u2019industrie de l\u2019emballage.<\/p>\n<p>Le Pr\u00e9sident directeur g\u00e9n\u00e9ral de Nestl\u00e9, M. Mark Schneider, a au niveau mondial pris r\u00e9cemment l\u2019engagement de rendre les emballages du groupe \u00ab 100% recyclables ou r\u00e9utilisables d\u2019ici 2025 \u00bb. \u00a0Leurs experts travaillent pour designer ces emballages du futur.<\/p>\n<p>Le groupe agroalimentaire veut cr\u00e9er un march\u00e9 plus large pour les plastiques recycl\u00e9s de qualit\u00e9 alimentaire et acc\u00e9l\u00e9rer l\u2019innovation de l\u2019industrie de l\u2019emballage. Les initiatives ont commenc\u00e9 avec l\u2019\u00e9limination des articles en plastique \u00e0 usage unique qui ne peuvent pas \u00eatre recycl\u00e9s.<\/p>\n<p>Nestl\u00e9 vise \u00ab z\u00e9ro d\u00e9chet \u00e0 la d\u00e9charge dans nos 3 usines (Yopougon, Zone 4 et Dakar) \u00bb, a fait savoir le directeur g\u00e9n\u00e9ral de la firme agroalimentaire en C\u00f4te d\u2019Ivoire, avant d\u2019ajouter que \u00ab ces efforts nous ont valu de gagner Prix d\u2019Excellence de l\u2019entreprise \u00e9co-citoyenne en 2017 et 2019 \u00bb.<\/p>\n<p>\u00ab Nous avons d\u00e9j\u00e0 lanc\u00e9 plusieurs projets allant dans le sens de la collecte et du recyclage des d\u00e9chets plastiques, au niveau des march\u00e9s de Treichville et Yopougon, avec la commune de Port-Bouet (Sud d\u2019Abidjan), mais aussi avec nos collaborateurs chez eux\u00bb, a-t-il poursuivi.\u00a0<\/p>\n<p>Derri\u00e8re les marques de produits emball\u00e9s par la firme avec soin, le groupe se veut un circuit de fabrication con\u00e7u pour ne pas compromettre le cadre de vie des populations, et une politique de sensibilisation afin de les impliquer davantage dans la promotion d\u2019un environnement ad\u00e9quat.<\/p>\n<\/div>\n<p>Auteur: APA News<br \/>\n<a href=\"https:\/\/www.journalducameroun.com\/nestle-en-partenariat-avec-lanaged-pour-recycler-les-dechets-plastiques-en-cote-divoire\/\">Cliquez ici pour lire l&rsquo;article depuis sa source.<\/a><\/p>\n","protected":false},"excerpt":{"rendered":"<p>Publi\u00e9 le 26.02.2020 \u00e0 23h18 par APA News Nestl\u00e9 C\u00f4te d\u2019Ivoire, une firme agroalimentaire, a sign\u00e9 le 25 f\u00e9vrier 2020 \u00e0 Abidjan une convention de partenariat avec l\u2019Agence nationale de gestion des d\u00e9chets (ANAGED) en vue d\u2019une meilleure gestion des d\u00e9chets plastiques et leur recyclage.A travers cet accord de partenariat, la firme agroalimentaire veut avec [&hellip;]<\/p>\n","protected":false},"author":1965,"featured_media":0,"comment_status":"closed","ping_status":"closed","sticky":false,"template":"","format":"standard","meta":{"fifu_image_url":"","fifu_image_alt":"","footnotes":""},"categories":[73,82],"tags":[],"class_list":["post-77384","post","type-post","status-publish","format-standard","hentry","category-actualite","category-cameroun"],"_links":{"self":[{"href":"https:\/\/linitiative.ca\/International\/wp-json\/wp\/v2\/posts\/77384","targetHints":{"allow":["GET"]}}],"collection":[{"href":"https:\/\/linitiative.ca\/International\/wp-json\/wp\/v2\/posts"}],"about":[{"href":"https:\/\/linitiative.ca\/International\/wp-json\/wp\/v2\/types\/post"}],"author":[{"embeddable":true,"href":"https:\/\/linitiative.ca\/International\/wp-json\/wp\/v2\/users\/1965"}],"replies":[{"embeddable":true,"href":"https:\/\/linitiative.ca\/International\/wp-json\/wp\/v2\/comments?post=77384"}],"version-history":[{"count":0,"href":"https:\/\/linitiative.ca\/International\/wp-json\/wp\/v2\/posts\/77384\/revisions"}],"wp:attachment":[{"href":"https:\/\/linitiative.ca\/International\/wp-json\/wp\/v2\/media?parent=77384"}],"wp:term":[{"taxonomy":"category","embeddable":true,"href":"https:\/\/linitiative.ca\/International\/wp-json\/wp\/v2\/categories?post=77384"},{"taxonomy":"post_tag","embeddable":true,"href":"https:\/\/linitiative.ca\/International\/wp-json\/wp\/v2\/tags?post=77384"}],"curies":[{"name":"wp","href":"https:\/\/api.w.org\/{rel}","templated":true}]}}