{"id":77387,"date":"2020-02-26T10:39:03","date_gmt":"2020-02-26T15:39:03","guid":{"rendered":"https:\/\/linitiative.ca\/International\/12-milliards-fcfa-pour-une-nouvelle-unite-de-production-des-brasseries-du-cameroun-a-douala\/"},"modified":"2020-02-26T10:39:03","modified_gmt":"2020-02-26T15:39:03","slug":"12-milliards-fcfa-pour-une-nouvelle-unite-de-production-des-brasseries-du-cameroun-a-douala","status":"publish","type":"post","link":"https:\/\/linitiative.ca\/International\/12-milliards-fcfa-pour-une-nouvelle-unite-de-production-des-brasseries-du-cameroun-a-douala\/","title":{"rendered":"12 milliards FCFA pour une nouvelle unit\u00e9 de production des Brasseries du Cameroun \u00e0 Douala"},"content":{"rendered":"<div class=\"featured-area featured-area-inner\" readability=\"7\"><img loading=\"lazy\" decoding=\"async\" width=\"780\" height=\"405\" src=\"https:\/\/i0.wp.com\/ecomatin.net\/wp-content\/uploads\/2020\/02\/Nouvelle-usine-de-Production-SABC-e1582731487650.jpg?resize=400%2C265&#038;ssl=1&#038;is-pending-load=1\" class=\"attachment-jannah-image-post size-jannah-image-post wp-post-image jetpack-lazy-image\" alt=\"\" data-lazy-srcset=\"https:\/\/i0.wp.com\/ecomatin.net\/wp-content\/uploads\/2020\/02\/Nouvelle-usine-de-Production-SABC-e1582731487650.jpg?zoom=2&#038;resize=780%2C405&#038;ssl=1 1560w, https:\/\/i0.wp.com\/ecomatin.net\/wp-content\/uploads\/2020\/02\/Nouvelle-usine-de-Production-SABC-e1582731487650.jpg?zoom=3&#038;resize=780%2C405&#038;ssl=1 2340w\" data-lazy-sizes=\"(max-width: 780px) 100vw, 780px\" srcset=\"data:image\/gif;base64,R0lGODlhAQABAIAAAAAAAP\/\/\/yH5BAEAAAAALAAAAAABAAEAAAIBRAA7\"\/> Une vue de la Nouvelle usine de Production SABC<\/div>\n<div class=\"entry-content entry clearfix\" readability=\"60.7246376812\">\n<p>Sur son site internet, la Soci\u00e9t\u00e9 Anonyme des Brasseries du Cameroun (Sabc) annonce l\u2019ouverture officielle, ce 26 f\u00e9vrier 2020, d\u2019une unit\u00e9 de production de l\u2019usine de Ndokoti \u00e0 Douala dont le co\u00fbt de construction est \u00e9valu\u00e9 \u00e0 <strong>12 milliards de FCFA.<\/strong> La c\u00e9r\u00e9monie d\u2019inauguration est pr\u00e9sid\u00e9e par le ministre du Travail et de la s\u00e9curit\u00e9 sociale Gr\u00e9goire Owona.<\/p>\n<p>Cette ligne d\u2019une capacit\u00e9 de 45\u2009000 bouteilles\/heure produira les bi\u00e8res et les boissons gazeuses en formats 65cl, 60cl, 50cl et 33 cl. La nouvelle unit\u00e9 porte \u00e0 19 le nombre de cha\u00eenes de production du leader du march\u00e9 brassicole au Cameroun, renseigne la filiale camerounaise du groupe Castel.<\/p>\n<p>Cette technologie dont les travaux de construction ont dur\u00e9 plus de 6 mois, est op\u00e9rationnelle depuis d\u00e9cembre 2019. \u00ab\u2009L\u2019id\u00e9e de construction de la nouvelle ligne na\u00eet de la volont\u00e9 du top management du groupe Sabc de doter Les Brasseries du Cameroun d\u2019outils performants et modernes pour, d\u2019une part, augmenter la productivit\u00e9 et, d\u2019autre part, r\u00e9pondre aux nouvelles exigences du groupe en termes de performance et d\u2019innovation\u2009\u00bb, confie l\u2019entreprise.<\/p>\n<p>Ainsi permet-elle au groupe non seulement d\u2019assurer une qualit\u00e9 et une disponibilit\u00e9 constantes des produits, et aussi d\u2019affermir sa vision d\u2019\u00eatre le leader agro-industriel r\u00e9gional de r\u00e9f\u00e9rence dans la production et la commercialisation de boissons alimentaires.\u00a0 Ce nouvel investissement, rentre dans le cadre du plan strat\u00e9gique d\u2019investissement triennal d\u2019un montant de 65 milliards de FCFA, mis en place par cette l\u2019entreprise en 2017.<\/p>\n<div class=\"sharedaddy sd-sharing-enabled robots-nocontent sd-block sd-social sd-social-icon-text sd-sharing\">\n<h3 class=\"sd-title\">Partager\u00a0:<\/h3>\n<\/div>\n<p><h3 class=\"jp-relatedposts-headline\"><em>Articles similaires<\/em><\/h3>\n<\/p>\n<\/div>\n<div class=\"toggle-post-content clearfix\"><a id=\"toggle-post-button\" class=\"button\" href=\"#\">Afficher plus <\/a><\/div>\n<p>Auteur: Manuela Nomegne<br \/>\n<a href=\"https:\/\/ecomatin.net\/12-milliards-fcfa-pour-une-nouvelle-unite-de-production-des-brasseries-du-cameroun-a-douala\/\">Cliquez ici pour lire l&rsquo;article depuis sa source.<\/a><\/p>\n","protected":false},"excerpt":{"rendered":"<p>Une vue de la Nouvelle usine de Production SABC Sur son site internet, la Soci\u00e9t\u00e9 Anonyme des Brasseries du Cameroun (Sabc) annonce l\u2019ouverture officielle, ce 26 f\u00e9vrier 2020, d\u2019une unit\u00e9 de production de l\u2019usine de Ndokoti \u00e0 Douala dont le co\u00fbt de construction est \u00e9valu\u00e9 \u00e0 12 milliards de FCFA. La c\u00e9r\u00e9monie d\u2019inauguration est pr\u00e9sid\u00e9e [&hellip;]<\/p>\n","protected":false},"author":1969,"featured_media":0,"comment_status":"closed","ping_status":"closed","sticky":false,"template":"","format":"standard","meta":{"fifu_image_url":"","fifu_image_alt":"","footnotes":""},"categories":[82,78],"tags":[],"class_list":["post-77387","post","type-post","status-publish","format-standard","hentry","category-cameroun","category-economie"],"_links":{"self":[{"href":"https:\/\/linitiative.ca\/International\/wp-json\/wp\/v2\/posts\/77387","targetHints":{"allow":["GET"]}}],"collection":[{"href":"https:\/\/linitiative.ca\/International\/wp-json\/wp\/v2\/posts"}],"about":[{"href":"https:\/\/linitiative.ca\/International\/wp-json\/wp\/v2\/types\/post"}],"author":[{"embeddable":true,"href":"https:\/\/linitiative.ca\/International\/wp-json\/wp\/v2\/users\/1969"}],"replies":[{"embeddable":true,"href":"https:\/\/linitiative.ca\/International\/wp-json\/wp\/v2\/comments?post=77387"}],"version-history":[{"count":0,"href":"https:\/\/linitiative.ca\/International\/wp-json\/wp\/v2\/posts\/77387\/revisions"}],"wp:attachment":[{"href":"https:\/\/linitiative.ca\/International\/wp-json\/wp\/v2\/media?parent=77387"}],"wp:term":[{"taxonomy":"category","embeddable":true,"href":"https:\/\/linitiative.ca\/International\/wp-json\/wp\/v2\/categories?post=77387"},{"taxonomy":"post_tag","embeddable":true,"href":"https:\/\/linitiative.ca\/International\/wp-json\/wp\/v2\/tags?post=77387"}],"curies":[{"name":"wp","href":"https:\/\/api.w.org\/{rel}","templated":true}]}}