{"id":77569,"date":"2020-02-28T17:10:18","date_gmt":"2020-02-28T22:10:18","guid":{"rendered":"https:\/\/linitiative.ca\/International\/que-restera-t-il-du-passage-de-mohamed-fadhel-kraiem-a-la-tete-de-tunisie-telecom\/"},"modified":"2020-02-28T17:10:18","modified_gmt":"2020-02-28T22:10:18","slug":"que-restera-t-il-du-passage-de-mohamed-fadhel-kraiem-a-la-tete-de-tunisie-telecom","status":"publish","type":"post","link":"https:\/\/linitiative.ca\/International\/que-restera-t-il-du-passage-de-mohamed-fadhel-kraiem-a-la-tete-de-tunisie-telecom\/","title":{"rendered":"Que restera-t-il du passage de Mohamed Fadhel Kraiem \u00e0 la t\u00eate de Tunisie Telecom\u00a0?"},"content":{"rendered":"<div class=\"post-cont-in left relative\">\n<p class=\"c2\"><em>C\u2019est la cons\u00e9cration pour le PDG de Tunisie T\u00e9l\u00e9com, M. Mohamed Fadhel Kraiem\u00a0: apr\u00e8s pr\u00e8s de 10 ans pass\u00e9es \u00e0 la t\u00eate de l\u2019op\u00e9rateur historique, d\u2019abord en tant que DGA (entre juillet 2010 et fin 2015), ensuite en tant que PDG entre octobre 2017 et f\u00e9vrier 2020, il acc\u00e8de au poste de Ministre des technologies de communication et de la transition num\u00e9rique pour diriger un secteur strat\u00e9gique pour la Tunisie.<\/em><\/p>\n<div class=\"code-block code-block-1 c4\"><ins class=\"adsbygoogle c3\" data-ad-layout=\"in-article\" data-ad-format=\"fluid\" data-ad-client=\"ca-pub-2102118777505746\" data-ad-slot=\"7301775417\"\/> <\/div>\n<p><strong>Que restera-t-il de son passage chez Tunisie Telecom\u00a0?<\/strong><\/p>\n<p>Pour ne consid\u00e9rer que la p\u00e9riode r\u00e9cente, on peut d\u2019abord souligner la dynamique impuls\u00e9e depuis 2017 :<\/p>\n<ul>\n<li>Au niveau commercial\u00a0: lancement de nouveaux produits tels que les offres de convergence fixe-internet \u00e0 domicile (WAFFI), des services innovants sur mobile (My TT, TT Presse), ou l\u2019extension et la modernisation du r\u00e9seau commercial (nouveau look des Espaces propres et franchises TT)<\/li>\n<li>Au niveau technique\u00a0: actions d\u2019am\u00e9lioration du r\u00e9seau 4G afin d\u2019augmenter le d\u00e9bit ainsi que la couverture, et ce pour offrir \u00e0 ses abonn\u00e9s la meilleure exp\u00e9rience Internet fixe et mobile.<\/li>\n<\/ul>\n<p>Les performances en termes notamment de croissance de revenus sont remarquables\u00a0: on a pu constater en 2018 que Tunisie Telecom s\u2019est montr\u00e9 largement sup\u00e9rieur \u00e0 ses concurrents\u00a0: +11,7% contre 3,4% pour Ooredoo et 4,5% pour Orange (Tr3 2018 vs Tr3 2017).<\/p>\n<p>Comme le reconna\u00eet le PDG lui-m\u00eame, en 2019 les r\u00e9sultats ne seront pas au niveau des attentes, n\u00e9anmoins, ils seront positifs. Selon le dernier rapport trimestriel de l\u2019INT, la croissance en termes de revenus de Tunisie Telecom est de 3,2% compar\u00e9e \u00e0 17,5% pour Ooredoo et 4,7% pour Orange (Tr3 2019 vs Tr32018). Une ann\u00e9e difficile marqu\u00e9e par une concurrence plus agressive et quelques tensions sociales.<\/p>\n<p>Il faut dire que le secteur des t\u00e9l\u00e9communications, et plus particuli\u00e8rement Tunisie Telecom, souffre depuis quelques ann\u00e9es de la chute de la consommation de la t\u00e9l\u00e9phonie fixe et de la stagnation des revenus de la t\u00e9l\u00e9phonie mobile. Les sources de croissance continuent \u00e0 provenir de l\u2019Internet fixe et mobile. Pour Tunisie Telecom, la croissance de ces deux segments est de 17% et de 39% au 3\u00e8me trimestre 2019 vs 2018 (33,7% et 27,9% pour Ooredoo, 10% et 9,1% pour Orange).<\/p>\n<p><img loading=\"lazy\" decoding=\"async\" class=\"aligncenter size-full wp-image-500946\" src=\"https:\/\/www.tunisienumerique.com\/wp-content\/uploads\/2020\/02\/Revenu-TT-TND.jpg\" alt=\"\" width=\"750\" height=\"450\" srcset=\"https:\/\/www.tunisienumerique.com\/wp-content\/uploads\/2020\/02\/Revenu-TT-TND.jpg 750w, https:\/\/www.tunisienumerique.com\/wp-content\/uploads\/2020\/02\/Revenu-TT-TND-600x360.jpg 600w, https:\/\/www.tunisienumerique.com\/wp-content\/uploads\/2020\/02\/Revenu-TT-TND-450x270.jpg 450w, https:\/\/www.tunisienumerique.com\/wp-content\/uploads\/2020\/02\/Revenu-TT-TND-300x180.jpg 300w\" sizes=\"auto, (max-width: 750px) 100vw, 750px\"\/><\/p>\n<p>Mais au-del\u00e0 des r\u00e9sultats chiffr\u00e9s, on doit mettre au cr\u00e9dit de Mr Mohamed Fadhel Kraiem son obstination \u00e0 changer les choses chez Tunisie Telecom\u00a0: pour plus d\u2019efficacit\u00e9, il n\u2019a cess\u00e9 \u00e0 \u0153uvrer pour la mise en place d\u2019un nouveau mode de gouvernance, d\u2019un climat social apais\u00e9, de nouveaux modes de collaboration entre les d\u00e9partements de l\u2019entreprise, et entre les \u00e9quipes centrales et r\u00e9gionales, d\u2019un nouveau business model adapt\u00e9 au nouveau monde connect\u00e9 et digitalis\u00e9\u2026<\/p>\n<p>Et ce, malgr\u00e9 l\u2019\u00e9quilibre d\u00e9licat \u00e0 trouver entre la n\u00e9cessit\u00e9 d\u2019\u00eatre un acteur commercial performant dans un secteur toujours porteur, et en m\u00eame temps dans le respect des r\u00e8gles et des contraintes qu\u2019exige son statut d\u2019op\u00e9rateur public.<\/p>\n<p>L\u2019objectif \u00e9tant de permettre \u00e0 Tunisie Telecom de relever les d\u00e9fis d\u2019une transformation interne pour pouvoir s\u2019adapter dans un march\u00e9 en pleine mutation\u00a0: r\u00e9pondre aux nouveaux besoins des clients de plus en plus exigeants, et renforcer sa position face \u00e0 une concurrence de plus en plus f\u00e9roce.<\/p>\n<p>C\u2019est dans cet esprit que s\u2019inscrit le partenariat entre Tunisie Telecom et le leader mondial des t\u00e9l\u00e9coms, Vodafone, qui fait d\u00e9couvrir aux \u00e9quipes techniques et commerciales de l\u2019entreprise les meilleures pratiques internationales et les potentialit\u00e9s de d\u00e9veloppement de leurs activit\u00e9s.<\/p>\n<p>Un travail en profondeur qui est loin d\u2019\u00eatre achev\u00e9. Tous les regards se tournent maintenant vers le futur PDG de Tunisie Telecom qui ne tardera pas \u00e0 franchir la porte.<\/p>\n<div class=\"swp_social_panel swp_horizontal_panel swp_flat_fresh swp_default_full_color swp_individual_full_color swp_other_full_color scale-100 scale-\" data-min-width=\"1100\" data-float-color=\"#ffffff\" data-float=\"bottom\" data-float-mobile=\"bottom\" data-transition=\"slide\">\n<div class=\"nc_tweetContainer swp_share_button total_shares total_sharesalt\"><span class=\"swp_count\">1 <span class=\"swp_label\">Partages<\/span><\/span><\/div>\n<\/div>\n<p><strong>Que se passe-t-il en Tunisie?<\/strong><br \/>Nous expliquons sur notre <a href=\"https:\/\/www.youtube.com\/channel\/UCRzypVq0B_yBad5eGrwBx0Q?sub_confirmation=1\" target=\"_blank\" rel=\"noopener noreferrer\">cha\u00eene YouTube<\/a> . <a href=\"https:\/\/www.youtube.com\/channel\/UCRzypVq0B_yBad5eGrwBx0Q?sub_confirmation=1\" target=\"_blank\" rel=\"noopener noreferrer\">Abonnez-vous!<\/a><\/p>\n<div class=\"mvp-org-wrap mvp-org-logo\" itemprop=\"publisher\" itemscope=\"\" itemtype=\"https:\/\/schema.org\/Organization\"><img decoding=\"async\" src=\"https:\/\/www.tunisienumerique.com\/wp-content\/uploads\/2017\/02\/logo_tunisie_numerique.png\"\/><\/div>\n<div class=\"mvp-related-posts left relative\">\n<h4 class=\"post-header\"><span class=\"post-header\">Lire aussi<\/span><\/h4>\n<\/div>\n<\/div>\n<p>Auteur: balkis<br \/>\n<a href=\"https:\/\/www.tunisienumerique.com\/que-restera-t-il-du-passage-de-mohamed-fadhel-kraiem-a-la-tete-de-tunisie-telecom\/\">Cliquez ici pour lire l&rsquo;article depuis sa source.<\/a><\/p>\n","protected":false},"excerpt":{"rendered":"<p>C\u2019est la cons\u00e9cration pour le PDG de Tunisie T\u00e9l\u00e9com, M. Mohamed Fadhel Kraiem\u00a0: apr\u00e8s pr\u00e8s de 10 ans pass\u00e9es \u00e0 la t\u00eate de l\u2019op\u00e9rateur historique, d\u2019abord en tant que DGA (entre juillet 2010 et fin 2015), ensuite en tant que PDG entre octobre 2017 et f\u00e9vrier 2020, il acc\u00e8de au poste de Ministre des technologies [&hellip;]<\/p>\n","protected":false},"author":1789,"featured_media":77570,"comment_status":"closed","ping_status":"closed","sticky":false,"template":"","format":"standard","meta":{"fifu_image_url":"","fifu_image_alt":"","footnotes":""},"categories":[73,55],"tags":[],"class_list":["post-77569","post","type-post","status-publish","format-standard","has-post-thumbnail","hentry","category-actualite","category-tunisie"],"_links":{"self":[{"href":"https:\/\/linitiative.ca\/International\/wp-json\/wp\/v2\/posts\/77569","targetHints":{"allow":["GET"]}}],"collection":[{"href":"https:\/\/linitiative.ca\/International\/wp-json\/wp\/v2\/posts"}],"about":[{"href":"https:\/\/linitiative.ca\/International\/wp-json\/wp\/v2\/types\/post"}],"author":[{"embeddable":true,"href":"https:\/\/linitiative.ca\/International\/wp-json\/wp\/v2\/users\/1789"}],"replies":[{"embeddable":true,"href":"https:\/\/linitiative.ca\/International\/wp-json\/wp\/v2\/comments?post=77569"}],"version-history":[{"count":0,"href":"https:\/\/linitiative.ca\/International\/wp-json\/wp\/v2\/posts\/77569\/revisions"}],"wp:featuredmedia":[{"embeddable":true,"href":"https:\/\/linitiative.ca\/International\/wp-json\/"}],"wp:attachment":[{"href":"https:\/\/linitiative.ca\/International\/wp-json\/wp\/v2\/media?parent=77569"}],"wp:term":[{"taxonomy":"category","embeddable":true,"href":"https:\/\/linitiative.ca\/International\/wp-json\/wp\/v2\/categories?post=77569"},{"taxonomy":"post_tag","embeddable":true,"href":"https:\/\/linitiative.ca\/International\/wp-json\/wp\/v2\/tags?post=77569"}],"curies":[{"name":"wp","href":"https:\/\/api.w.org\/{rel}","templated":true}]}}